{"id":1142,"date":"2014-06-23T13:04:41","date_gmt":"2014-06-23T13:04:41","guid":{"rendered":"http:\/\/www.editiespecialapress.ro\/?p=1142"},"modified":"2014-06-23T13:04:41","modified_gmt":"2014-06-23T13:04:41","slug":"asasinii-profesionisti-care-vor-sa-l-bage-in-pamant-si-pe-cristian-cioaca-garlejatul-in-roba-marius-iacob-generalul-de-carton-al-igpr-vasile-infractorul-militian-igpr-radu-dascalu-magistratul-gheo","status":"publish","type":"post","link":"https:\/\/www.editiespecialapress.ro\/newtest\/2014\/06\/23\/asasinii-profesionisti-care-vor-sa-l-bage-in-pamant-si-pe-cristian-cioaca-garlejatul-in-roba-marius-iacob-generalul-de-carton-al-igpr-vasile-infractorul-militian-igpr-radu-dascalu-magistratul-gheo\/","title":{"rendered":"Asasinii profesioni\u015fti care vor s\u0103-l bage \u00een p\u0103m\u00e2nt \u015fi pe Cristian Cioac\u0103, g\u00e2rlejatul \u00een rob\u0103 Marius Iacob, generalul de carton al IGPR Vasile, infractorul mili\u0163ian IGPR Radu Dasc\u0103lu, magistratul Gheorghe Neac\u015fu de la tribunalul Arge\u015f \u015fi infractoarele Anda Mihaela Pluteanu, Elena Minodora Rusu \u015fi procuroarea psihic\u0103 Ana Maria Tr\u0103il\u0103 c\u00e2t \u015fi medicii IML Bucure\u015fti"},"content":{"rendered":"<p style=\"text-align: left;\" align=\"center\">Continu\u0103m \u00een aceast\u0103 edi\u0163ie cu to\u0163i ace\u015fti infractori, asasini ai poporului rom\u00e2n de la prima zi a lor \u00een sisteme,poli\u0163ie, justi\u0163ie, parchete, Institutul Medicin\u0103 Legal\u0103 Bucure\u015fti.<\/p>\n<figure id=\"attachment_1143\" aria-describedby=\"caption-attachment-1143\" style=\"width: 400px\" class=\"wp-caption alignright\"><img loading=\"lazy\" decoding=\"async\" class=\"size-medium wp-image-1143\" alt=\"Asasinele in robe Anda Mihaela Pruteanu si Elena Minodora Rusu de la Curtea de Apel Pitesti\" src=\"http:\/\/www.editiespecialapress.ro\/wp\/wp-content\/uploads\/2014\/06\/Asasinele-in-robe-Anda-Mihaela-Pruteanu-si-Elena-Minodora-Rusu-de-la-Curtea-de-Apel-Pitesti-400x229.jpg\" width=\"400\" height=\"229\" \/><figcaption id=\"caption-attachment-1143\" class=\"wp-caption-text\">Asasinele in robe Anda Mihaela Pruteanu si Elena Minodora Rusu de la Curtea de Apel Pitesti<\/figcaption><\/figure>\n<p>Dragii no\u015ftri cititori \u00eencepem a v\u0103 prezenta tehnicile criminale ale g\u00e2rlejatului din comuna Dobre\u015fti, jude\u0163ul Arge\u015f, Marius Iacob, care este cons\u0103tean cu fosila Ghenescu Emilia, mama Elodiei, care a aranjat cu Marius Iacob din Dobre\u015fti s\u0103-i pun\u0103 \u00een spinare o crim\u0103. Ghineasca este prieten\u0103 de familie cu procurorul Marius Iacob de zeci de ani, pe c\u00e2nd era procuror la parchetele din Pite\u015fti. Aceasta l-a convins s\u0103-l bage pe Cioac\u0103 \u00een pu\u015fc\u0103rie, s\u0103-\u015fi foloseasc\u0103 func\u0163ia de prim procuror al sec\u0163iei criminalistice Bucure\u015fti, \u00eencep\u00e2nd a solicita dosarul de la Parchetul de pe l\u00e2ng\u0103 Curtea de Apel Bra\u015fov, efectu\u00e2nd el cercet\u0103ri \u00een cazul Elodia de\u015fi nu avea competen\u0163a de a cerceta a f\u0103cut-o. Acest nenorocit Iacob Marius a reu\u015fit s\u0103 ob\u0163in\u0103 dosarul de la Parchetul Cur\u0163ii de Apel Bra\u015fov \u015fi s-a ocupat personal de acest caz.<\/p>\n<figure id=\"attachment_1147\" aria-describedby=\"caption-attachment-1147\" style=\"width: 402px\" class=\"wp-caption alignright\"><img loading=\"lazy\" decoding=\"async\" class=\"size-full wp-image-1147\" alt=\"Asasin in roba Gheorghe Neacsu de la Tribunalul Arges\" src=\"http:\/\/www.editiespecialapress.ro\/wp\/wp-content\/uploads\/2014\/06\/Asasin-in-roba-Gheorghe-Neacsu-de-la-Tribunalul-Arges.jpg\" width=\"402\" height=\"225\" srcset=\"https:\/\/www.editiespecialapress.ro\/newtest\/wp-content\/uploads\/2014\/06\/Asasin-in-roba-Gheorghe-Neacsu-de-la-Tribunalul-Arges.jpg 402w, https:\/\/www.editiespecialapress.ro\/newtest\/wp-content\/uploads\/2014\/06\/Asasin-in-roba-Gheorghe-Neacsu-de-la-Tribunalul-Arges-300x168.jpg 300w, https:\/\/www.editiespecialapress.ro\/newtest\/wp-content\/uploads\/2014\/06\/Asasin-in-roba-Gheorghe-Neacsu-de-la-Tribunalul-Arges-150x84.jpg 150w\" sizes=\"auto, (max-width: 402px) 100vw, 402px\" \/><figcaption id=\"caption-attachment-1147\" class=\"wp-caption-text\">Asasin in roba Gheorghe Neacsu de la Tribunalul Arges<\/figcaption><\/figure>\n<p>V\u0103 da\u0163i seama c\u00e2t de mult a \u0163inut la scorpia Ghineasca, prieten\u0103 de familie \u015fi cons\u0103nteanc\u0103 la \u0163ar\u0103! I-a aranjat comanda Ghine\u015ftii, dar \u00een schimb spun vecinii c\u0103 i-a c\u0103rat lui Iacob acas\u0103 vi\u0163ei t\u0103ia\u0163i \u015fi multe bun\u0103t\u0103\u0163uri. Nemernicul asasin Iacob l-a solicitat pe generalul Vasile de la IGPR, care acest sclav a \u00eenceput s\u0103-\u015fi pun\u0103 infractorii, chipurile criminali\u015fti, pentru a \u00eencepe \u00eenscen\u0103rile cu petele de s\u00e2nge prin diferite locuri \u00een cas\u0103, i-au pus hainele \u00een r\u00e2p\u0103, au f\u0103cut ca b\u0103ie\u0163ii de\u015ftep\u0163i, sau facut proprietari \u00een apartamentul lui Cioac\u0103 din Bra\u015fov, \u00eenscen\u00e2ndu-i tot ceea ce \u00eenseamn\u0103 probe recoltate de ei. Toate comenzile de la Iacob au fost efectuate de c\u0103tre cei de la IGPR. \u015ei-au b\u0103tut joc de Cioac\u0103 cum au vrut, i-au schimbat ADN-ul la petele de s\u00e2nge, l-au pus pe al Elodiei \u015fi nu ne putem \u00eenchipui ca profesioni\u015fti \u00een &#8230; cum au putut stabili ADN-ul Elodiei dac\u0103 ea nu a fost prezent\u0103 pentru a i se lua s\u00e2nge etc. Deci la dosar nu exist\u0103. Probe \u00een care s\u0103 existe ADN-ul Elodiei sau s\u0103 fi luat m\u0103car un fir de p\u0103r din cas\u0103 dup\u0103 perie sau vreo analiz\u0103 de s\u00e2nge unde a f\u0103cut analize. Legal se ia prob\u0103 din casa persoanei respective ( Elodia), m\u0103car un fir de p\u0103r, \u015fi dup\u0103 aceea trebuie luat \u015fi de la ea direct, fie moart\u0103, fie vie pentru a coincide analizele ADN. Acest lucru ei nu l-au f\u0103cut, \u015ftiu ei cum.<\/p>\n<figure id=\"attachment_1144\" aria-describedby=\"caption-attachment-1144\" style=\"width: 200px\" class=\"wp-caption alignright\"><img loading=\"lazy\" decoding=\"async\" class=\"size-full wp-image-1144\" alt=\"Escroaca ascunsa de musulmani Elodia Gghinescu\" src=\"http:\/\/www.editiespecialapress.ro\/wp\/wp-content\/uploads\/2014\/06\/escroaca-ascunsa-de-musulmani-Elodia-Gghinescu.jpg\" width=\"200\" height=\"253\" srcset=\"https:\/\/www.editiespecialapress.ro\/newtest\/wp-content\/uploads\/2014\/06\/escroaca-ascunsa-de-musulmani-Elodia-Gghinescu.jpg 200w, https:\/\/www.editiespecialapress.ro\/newtest\/wp-content\/uploads\/2014\/06\/escroaca-ascunsa-de-musulmani-Elodia-Gghinescu-150x190.jpg 150w\" sizes=\"auto, (max-width: 200px) 100vw, 200px\" \/><figcaption id=\"caption-attachment-1144\" class=\"wp-caption-text\">Escroaca ascunsa de musulmani Elodia Gghinescu<\/figcaption><\/figure>\n<p>Deci \u00eentr-un cuv\u00e2nt ei au stabilit ADN-ul la Iacob \u00een birou. Avem informa\u0163ii c\u0103 to\u0163i poli\u0163i\u015ftii de la IGPR, in frunte cu Marius Iacob, i-au pus s\u00e2nge \u00een apartamentul lui Cioac\u0103, de\u015fi ei aveau cheile, intrau c\u00e2nd doreau ca la ei acas\u0103 \u015fi f\u0103ceau noaptea ce vroiau \u00een apartament, c\u00e2nd nu era Cioac\u0103 acas\u0103. Cioac\u0103 fiind monitorizat de SRI, la solicit\u0103rile lui Iacob, f\u0103r\u0103 autoriza\u0163ii, \u015ftiau c\u00e2nd pleac\u0103 de acas\u0103, unde se afl\u0103 , etc. Dup\u0103 ce au v\u0103zut c\u0103 este liber, domnul<\/p>\n<p>ex-General Morar Daniel al Parchetului de pe l\u00e2ng\u0103 \u00cenalta Curte de Casa\u0163ie \u015fi Justi\u0163ie l-a chemat pe procurorul Iacob \u00een birou \u015fi i-a spus: ,, Dac\u0103 nu rezolvi cazul cu Elodia o s\u0103 pl\u0103te\u015fti toate pagubele produse \u015fi-\u0163i vei pierde func\u0163ia de prim procuror. Toate aceste informa\u0163ii vin din interiorul Parchetului General. Iacob cu mintea lui bolnav\u0103, malefic\u0103 \u015fi-a luat sclavii IGPR \u015fi a intervenit rapid, deplas\u00e2ndu-se din nou la apartamentul lui Cioac\u0103 din Bra\u015fov cu aparatul de\u015ftept cu care ei spun c\u0103 au mai depistat \u00eenc\u0103 50 cm de urme de s\u00e2nge lucru care nu era posibil dup\u0103 at\u00e2ta timp. \u00centr-un cuv\u00e2nt, ei au pus s\u00e2nge pentru a putea sc\u0103pa de pagubele produse. V\u0103 da\u0163i seama ce criminali pot fi ace\u015fti nenoroci\u0163i de mili\u0163ieni, procurori! Ei nu se g\u00e2ndeau c\u0103 cineva \u00eei monitorizeaz\u0103 profesional legal. A\u015fa a fost \u00eentocmit dosarul lui Cristian Cioac\u0103 de dejec\u0163iile IGPR \u015fi sec\u0163ia Criminalistic\u0103 din Parchetul General.<\/p>\n<figure id=\"attachment_1145\" aria-describedby=\"caption-attachment-1145\" style=\"width: 333px\" class=\"wp-caption alignright\"><img loading=\"lazy\" decoding=\"async\" class=\"size-medium wp-image-1145\" alt=\"Scorpia Ghineasca - mama Elodiei\" src=\"http:\/\/www.editiespecialapress.ro\/wp\/wp-content\/uploads\/2014\/06\/scorpia-Ghineasca-mama-Elodiei-333x300.jpg\" width=\"333\" height=\"300\" \/><figcaption id=\"caption-attachment-1145\" class=\"wp-caption-text\">Scorpia Ghineasca &#8211; mama Elodiei<\/figcaption><\/figure>\n<p>Nu ne putem \u00eenchipui cum a ajuns dosarul la Tribunalul Arge\u015f, teleghidat de Iacob \u015fi ajung\u00e2nd \u015fi la cel mai mare criminal magistrat Gheorghe Neac\u015fu, care elibereaz\u0103 sentin\u0163e \u015fi decizii de la prima zi de angajare \u00een justi\u0163ie la comanda procurorilor sau pe bani frumo\u015fi s\u0103-i bage \u00een pu\u015fc\u0103rie nevinova\u0163i sau s\u0103-i scape de pu\u015fc\u0103rie cum a fost prins de DNA Arge\u015f. Dosarul \u201emortul\u201dmandatul lui Iacob o s\u0103 ajung\u0103 pe masa procurorilor de la sec\u0163ia Judiciar\u0103 a Parchetului de pe l\u00e2ng\u0103 \u00cenalta Curte de Casa\u0163ie \u015fi Justi\u0163ie Bucure\u015fti c\u00e2t de cur\u00e2nd. Jegosul Gheorghe Neac\u015fu \u015fi-a permis s\u0103 comit\u0103 un mare abuz la comanda lui Iacob de a-l condamna pe Cristian Cioac\u0103 la o pedeaps\u0103 cu \u00eenchisoarea de peste 20 de ani. At\u00e2t de u\u015for a putut da o pedeaps\u0103 a\u015fa de mare unei victime care a fost lucrat\u0103 de dejec\u0163iile IGPR conduse de rudarul Iacob. Dup\u0103 toate acestea a ajuns dosarul la Curtea de Apel Pite\u015fti, la magistrata c\u00e2rlana Pite\u015ftiului, Elena Minodora Rusu sp\u0103l\u0103cita\u00a0 Anda Mihaela Pluteanu care elibereaz\u0103 decizii \u00een mod abuziv, omor\u00e2nd victime \u00een penitenciare condamnate f\u0103r\u0103 a exista probe \u015fi bolnava psihic procuroare de instanta Ana Maria Tr\u0103il\u0103, care acuz\u0103 nefondat tot ce prinde \u00een s\u0103lile de judecat\u0103. Am asistat la o \u015fedin\u0163\u0103 \u015fi am v\u0103zut aceste retardate cum au respins probe concludente avocatei lui Cristian Cioac\u0103, adic\u0103 s\u0103 se efectueze mai multe analize \u00een laboratoarele din Europa pentru a se stabili cu exactitate ADN-ul din probele de s\u00e2nge.Ar fi trebuit aprobat\u0103 aceast\u0103 solicitare avocatei lui Cioac\u0103, dar \u00een schimb nu se \u015ftie ADN-ul Elodiei. \u00eentruc\u00e2t nu i s-a luat nicio prob\u0103 ei. Nu este stabilit ADN-ul Elodiei nici la aceast\u0103 or\u0103 dec\u00e2t \u00een mintea lor bolnav\u0103 \u015fi prin eliber\u0103ri de\u00a0 expertize abuzive pe baz\u0103 de probe false (s\u00e2nge plantat) , f\u0103c\u00e2nd ADN-ul dup\u0103 s\u00e2ngele pus de ei \u00een apartament.<\/p>\n<figure id=\"attachment_1148\" aria-describedby=\"caption-attachment-1148\" style=\"width: 331px\" class=\"wp-caption alignright\"><img loading=\"lazy\" decoding=\"async\" class=\"size-full wp-image-1148\" alt=\"Victima Cioaca Cristian\" src=\"http:\/\/www.editiespecialapress.ro\/wp\/wp-content\/uploads\/2014\/06\/victima-Cioaca-Cristian.jpg\" width=\"331\" height=\"341\" srcset=\"https:\/\/www.editiespecialapress.ro\/newtest\/wp-content\/uploads\/2014\/06\/victima-Cioaca-Cristian.jpg 331w, https:\/\/www.editiespecialapress.ro\/newtest\/wp-content\/uploads\/2014\/06\/victima-Cioaca-Cristian-291x300.jpg 291w, https:\/\/www.editiespecialapress.ro\/newtest\/wp-content\/uploads\/2014\/06\/victima-Cioaca-Cristian-150x155.jpg 150w, https:\/\/www.editiespecialapress.ro\/newtest\/wp-content\/uploads\/2014\/06\/victima-Cioaca-Cristian-300x309.jpg 300w\" sizes=\"auto, (max-width: 331px) 100vw, 331px\" \/><figcaption id=\"caption-attachment-1148\" class=\"wp-caption-text\">Victima Cioaca Cristian<\/figcaption><\/figure>\n<p>Cele dou\u0103 judec\u0103toare retardate cred c\u0103 au f\u0103cut \u015fi ele o treab\u0103 bun\u0103 de au trimis la IML Bucure\u015fti s\u0103 se stabileasc\u0103 dac\u0103 este s\u00e2ngele Elodiei pe\u00a0 care l-a plantat Iacob cu IGPR-i\u015ftii.\u00a0 Bine\u00een\u0163eles c\u0103 domnul prim procuror rudar Iacov \u00eei cuno\u015ftea pe medicii de la IML Bucure\u015fti, lucr\u00e2nd cu ei de ani de zile\u00a0 \u015fi nu puteau s\u0103-l contrazic\u0103 pe el \u015fi laboratoarele criminalistice ale sec\u0163iei Criminalistice c\u0103 nu sunt bune \u015fi nu a dat un verdict corect. Iacob a rezolvat \u015fi la IML, ca b\u0103ie\u0163ii de\u015ftep\u0163i, ADN-ul Elodiei, s\u00e2nge pus de ei \u00een apartament etc. \u015fi dup\u0103 aceea ajung\u00e2nd dosarul la completul de judecat\u0103 asasin care a luat expertiza de la IML de baz\u0103 c\u0103 ar fi ADN-ul Elodiei \u00een s\u00e2ngele pus de infractori. Aceste nenorocite, de la prima zi de angajare infractoare, nu au \u0163inut cont c\u0103 nu pot fi sigure c\u0103 Elodia a murit \u015fi nu au niciun document \u00een acest sens \u00eentruc\u00e2t legea prevede acest lucru. Dac\u0103 noi o aducem \u00een \u0163ar\u0103 pe Elodia ce mai pot spune ele! Merg ele la pu\u015fc\u0103rie \u00een locul lui Cioac\u0103? Aceste psihopate v\u0103 spunem precis c\u0103 au fost contactate tot de retardatul Iacob \u015fi au hot\u0103r\u00e2t \u00een ascuns s\u0103-l condamne pe Cioac\u0103 Cristian pentru a nu pl\u0103ti toate pagubele produse de Iacob \u015fi IGPL-i\u015fti. Ei cred c\u0103 noi nu ne ocup\u0103m de ei s\u0103 mearg\u0103 \u00eempreun\u0103 la pu\u015fc\u0103rie. Jegoasele au avut tupeul s\u0103-l condamne la 15 ani si 8 luni de \u00eenchisoare pe victima Cristian Cioac\u0103, dar nu \u015ftiu nenorocitele dac\u0103 o s\u0103 reziste cobaiul lor. Ele sunt \u00eenv\u0103\u0163ate cu asasinate prin deciziile eliberate \u015fi victimele condamnate f\u0103r\u0103 a exista probe \u015fi moarte \u00een timpul execut\u0103rii pedepselor eliberate \u00een mod abuziv de retardate. Asasinele cum pot dormi noaptea c\u00e2nd \u015ftiu c\u0103 au murit zeci de victime din m\u00e2inile lor?\u00a0 Fiind malefice, posedate de demoni nu mai au mil\u0103 sau scrupule. Aceste robe trebuiesc incinerate\u00a0 dac\u0103 ar da Parlamentul Rom\u00e2niei o lege dulce pentru ele. Noi cam at\u00e2t am avut de clarificat cu ace\u015fti infractori periculo\u015fi. Noi cu ani \u00een urm\u0103 veneam din Bra\u015fov spre R\u00e2\u015fnov, lu\u00e2nd la ocazie o vecin\u0103 de-a Elodiei \u015fi intr\u00e2nd \u00een vorb\u0103 am discutat dac\u0103 o cunoa\u015fte pe aceast\u0103 vedet\u0103 Elodia \u015fi ne-a spus c\u0103 a fost \u015fi coleg\u0103 cu ea de catedr\u0103 p\u00e2n\u0103 a ajunge avocat\u0103, c\u0103 ea a auzit la u\u015fa ei b\u0103t\u00e2nd tare diferi\u0163i manageri musulmani pe care \u00eei reprezenta \u00een fa\u0163a instan\u0163elor din Bra\u015fov \u015fi \u00een \u0163ar\u0103, \u0163ip\u00e2nd s\u0103 le dea banii pe care i-au dat s\u0103 le aranjeze procesele cu diferi\u0163i judec\u0103tori. Deci ne-a confirmat sume mari de bani pe care le cereau musulmanii manageri inapoi de la infractoarea Elodia. A\u015fa c\u0103 nu este o poam\u0103 bun\u0103 aceast\u0103 prostituat\u0103, escroac\u0103 Elodia, av\u00e2nd \u015fi doi aman\u0163i: pe SPP-i\u015ftii Ilie Cristian \u015fi Daniel Zabara etc.<\/p>\n<figure id=\"attachment_1149\" aria-describedby=\"caption-attachment-1149\" style=\"width: 363px\" class=\"wp-caption alignright\"><img loading=\"lazy\" decoding=\"async\" class=\"size-full wp-image-1149\" alt=\"Asasin in roba Procuror Marius Iacob\" src=\"http:\/\/www.editiespecialapress.ro\/wp\/wp-content\/uploads\/2014\/06\/Asasin-in-roba-Procuror-Marius-Iacob.jpg\" width=\"363\" height=\"225\" srcset=\"https:\/\/www.editiespecialapress.ro\/newtest\/wp-content\/uploads\/2014\/06\/Asasin-in-roba-Procuror-Marius-Iacob.jpg 363w, https:\/\/www.editiespecialapress.ro\/newtest\/wp-content\/uploads\/2014\/06\/Asasin-in-roba-Procuror-Marius-Iacob-300x186.jpg 300w, https:\/\/www.editiespecialapress.ro\/newtest\/wp-content\/uploads\/2014\/06\/Asasin-in-roba-Procuror-Marius-Iacob-150x93.jpg 150w\" sizes=\"auto, (max-width: 363px) 100vw, 363px\" \/><figcaption id=\"caption-attachment-1149\" class=\"wp-caption-text\">Asasin in roba Procuror Marius Iacob<\/figcaption><\/figure>\n<p>-Sesiz\u0103m \u015fi solicit\u0103m autosesizarea \u00een leg\u0103tur\u0103 cu toate infrac\u0163iunile grave comise de to\u0163i cei men\u0163iona\u0163i \u00een acest articol \u015fi care mai sunt depista\u0163i s\u0103 fie cerceta\u0163i de c\u0103tre prim procurorul \u015fef sec\u0163iei Judiciare al Parchetului de pe l\u00e2ng\u0103 Inalta Curtea de Casa\u0163ie \u015fi Justi\u0163ie Bucure\u015fti \u00een cel mai scurt timp.<\/p>\n<p>-Solicit\u0103m verificarea tuturor convorbirilor infractorilor sesiza\u0163i,pe toate liniile unde lucreaz\u0103 \u015fi cele personale pentru a se stabili leg\u0103turile \u00eentre ei c\u00e2t \u015fi stabilirea traseelor pentru a se vedea cum s-au \u00eent\u00e2lnit.<\/p>\n<p>-Dosarul nr 1252\/109\/2013 \u00een care este condamnat Cioc\u0103 Cristian la 15 ani \u015fi 8 luni \u00eenchisoare de c\u0103tre completul asasin al Cur\u0163ii de Apel Pite\u015fti.<\/p>\n<p>-Solicit\u0103m \u015fi verificarea convorbirilor telefonice ale Emiliei Ghinescu \u015fi avocatei Crina Radu, c\u00e2t \u015fi stabilirea traseelor unde s-au \u00eent\u00e2lnit cu procurorul Iacob etc.<\/p>\n<p>&#8211; Sesizam si solicitam autosesizarea din partea presedintelui CSM ,a Ministrului de Justitie, Presedintele CEDO, cat si Presedintele Comisiei Europene pe Justitie<\/p>\n<p style=\"text-align: right;\"><strong>Articol de <\/strong><br \/>\n<strong>Iulian Ratea.<\/strong><\/p>\n","protected":false},"excerpt":{"rendered":"<p>Continu\u0103m \u00een aceast\u0103 edi\u0163ie cu to\u0163i ace\u015fti infractori, asasini ai poporului rom\u00e2n de la prima zi a lor \u00een sisteme, poli\u0163ie, justi\u0163ie, parchete, Institutul Medicin\u0103 Legal\u0103 Bucure\u015fti.<\/p>\n","protected":false},"author":2,"featured_media":1151,"comment_status":"closed","ping_status":"open","sticky":false,"template":"","format":"standard","meta":{"footnotes":""},"categories":[2],"tags":[],"class_list":{"0":"post-1142","1":"post","2":"type-post","3":"status-publish","4":"format-standard","5":"has-post-thumbnail","7":"category-ancheta"},"_links":{"self":[{"href":"https:\/\/www.editiespecialapress.ro\/newtest\/wp-json\/wp\/v2\/posts\/1142","targetHints":{"allow":["GET"]}}],"collection":[{"href":"https:\/\/www.editiespecialapress.ro\/newtest\/wp-json\/wp\/v2\/posts"}],"about":[{"href":"https:\/\/www.editiespecialapress.ro\/newtest\/wp-json\/wp\/v2\/types\/post"}],"author":[{"embeddable":true,"href":"https:\/\/www.editiespecialapress.ro\/newtest\/wp-json\/wp\/v2\/users\/2"}],"replies":[{"embeddable":true,"href":"https:\/\/www.editiespecialapress.ro\/newtest\/wp-json\/wp\/v2\/comments?post=1142"}],"version-history":[{"count":0,"href":"https:\/\/www.editiespecialapress.ro\/newtest\/wp-json\/wp\/v2\/posts\/1142\/revisions"}],"wp:featuredmedia":[{"embeddable":true,"href":"https:\/\/www.editiespecialapress.ro\/newtest\/wp-json\/wp\/v2\/media\/1151"}],"wp:attachment":[{"href":"https:\/\/www.editiespecialapress.ro\/newtest\/wp-json\/wp\/v2\/media?parent=1142"}],"wp:term":[{"taxonomy":"category","embeddable":true,"href":"https:\/\/www.editiespecialapress.ro\/newtest\/wp-json\/wp\/v2\/categories?post=1142"},{"taxonomy":"post_tag","embeddable":true,"href":"https:\/\/www.editiespecialapress.ro\/newtest\/wp-json\/wp\/v2\/tags?post=1142"}],"curies":[{"name":"wp","href":"https:\/\/api.w.org\/{rel}","templated":true}]}}