{"id":1216,"date":"2014-07-29T16:08:28","date_gmt":"2014-07-29T16:08:28","guid":{"rendered":"http:\/\/www.editiespecialapress.ro\/?p=1216"},"modified":"2014-07-29T16:08:28","modified_gmt":"2014-07-29T16:08:28","slug":"ex-procurorul-eugen-iacobescu-de-la-parchetul-tribunalului-olt-impreuna-cu-cei-de-la-serviciile-igpr-si-adjunctul-ipj-olt-cat-si-cei-de-la-sri-craiova-i-au-interceptat-la-negru-fara-autorizatiile-j","status":"publish","type":"post","link":"https:\/\/www.editiespecialapress.ro\/newtest\/2014\/07\/29\/ex-procurorul-eugen-iacobescu-de-la-parchetul-tribunalului-olt-impreuna-cu-cei-de-la-serviciile-igpr-si-adjunctul-ipj-olt-cat-si-cei-de-la-sri-craiova-i-au-interceptat-la-negru-fara-autorizatiile-j\/","title":{"rendered":"Ex-procurorul Eugen Iacobescu de la Parchetul Tribunalului Olt, \u00eempreun\u0103 cu cei de la serviciile IGPR \u015fi adjunctul IPJ Olt, c\u00e2t \u015fi cei de la SRI Craiova i-au interceptat la negru, f\u0103r\u0103 autoriza\u0163iile judec\u0103torilor pe Mircea B\u0103sescu, Bercea Mondialu etc. timp de 3 ani de zile \u00een mai multe dosare"},"content":{"rendered":"<figure id=\"attachment_1217\" aria-describedby=\"caption-attachment-1217\" style=\"width: 604px\" class=\"wp-caption alignright\"><img loading=\"lazy\" decoding=\"async\" class=\"size-full wp-image-1217\" alt=\"Bercea Mondialu - victima lui IacobescuBercea Mondialu - victima lui Iacobescu\" src=\"http:\/\/www.editiespecialapress.ro\/wp\/wp-content\/uploads\/2014\/07\/Bercea-Mondialu-victima-lui-Iacobescu.jpg\" width=\"604\" height=\"454\" srcset=\"https:\/\/www.editiespecialapress.ro\/newtest\/wp-content\/uploads\/2014\/07\/Bercea-Mondialu-victima-lui-Iacobescu.jpg 604w, https:\/\/www.editiespecialapress.ro\/newtest\/wp-content\/uploads\/2014\/07\/Bercea-Mondialu-victima-lui-Iacobescu-300x225.jpg 300w, https:\/\/www.editiespecialapress.ro\/newtest\/wp-content\/uploads\/2014\/07\/Bercea-Mondialu-victima-lui-Iacobescu-150x113.jpg 150w\" sizes=\"auto, (max-width: 604px) 100vw, 604px\" \/><figcaption id=\"caption-attachment-1217\" class=\"wp-caption-text\">Bercea Mondialu &#8211; victima lui Iacobescu<\/figcaption><\/figure>\n<p>Continu\u0103m \u00een aceast\u0103 edi\u0163ie cu cele mai mari dejec\u0163ii de infractori din jude\u0163ul Olt, procurorul Eugen Iacobescu, adjunctul IPJ Olt, c\u00e2t \u015fi cei de la serviciile IGPR \u015fi SRI Craiova.<\/p>\n<p>Dragii no\u015ftri cititori, v\u0103 prezent\u0103m cele mai mari scursuri ale societ\u0103\u0163ii rom\u00e2ne din toate timpurile care cu un tupeu de cei mai mari infractori au hot\u0103r\u00e2t \u00een ascuns s\u0103-i intercepteze pe Mircea B\u0103sescu, Bercea Mondialu \u015f.a.m.d. la zeci de dosare pe care le avea Bercea Mondialu pe rolul Parchetului Tribunalului Olt, neav\u00e2nd autoriza\u0163iile judec\u0103torilor din Olt. Aceast\u0103 mizerie a societ\u0103\u0163ii, ex-procurorul Eugen Iacobescu, PSD-ist, i-a onorat comanda lui Victor Ponta pentru a distruge familia B\u0103sescu, \u00een sensul de a-i trimite la pu\u015fc\u0103rie, motiv\u00e2nd c\u0103 au intercept\u0103rile efectuate legal (autoriza\u0163i). Acest infractor de joas\u0103 spe\u0163\u0103, Iacobescu, s-a bazat pe serviciile IGPR \u015fi SRI Craiova , c\u00e2t \u015fi pe adjunctul IPJ Olt, PSD-ist, c\u0103 nu va \u015fti nimic ce fac ei, crez\u00e2ndu-se buricii P\u0103m\u00e2ntului.<\/p>\n<figure id=\"attachment_1222\" aria-describedby=\"caption-attachment-1222\" style=\"width: 646px\" class=\"wp-caption alignright\"><img loading=\"lazy\" decoding=\"async\" class=\"size-full wp-image-1222\" alt=\"IPJ Olt militienii abuzivi ai acestui sediu in frunte cu adjunctul IPJ\" src=\"http:\/\/www.editiespecialapress.ro\/wp\/wp-content\/uploads\/2014\/07\/IPJ-Olt-militienii-abuzivi-ai-acestui-sediu-in-frunte-cu-adjunctul-IPJ.jpg\" width=\"646\" height=\"404\" srcset=\"https:\/\/www.editiespecialapress.ro\/newtest\/wp-content\/uploads\/2014\/07\/IPJ-Olt-militienii-abuzivi-ai-acestui-sediu-in-frunte-cu-adjunctul-IPJ.jpg 646w, https:\/\/www.editiespecialapress.ro\/newtest\/wp-content\/uploads\/2014\/07\/IPJ-Olt-militienii-abuzivi-ai-acestui-sediu-in-frunte-cu-adjunctul-IPJ-300x188.jpg 300w, https:\/\/www.editiespecialapress.ro\/newtest\/wp-content\/uploads\/2014\/07\/IPJ-Olt-militienii-abuzivi-ai-acestui-sediu-in-frunte-cu-adjunctul-IPJ-150x94.jpg 150w\" sizes=\"auto, (max-width: 646px) 100vw, 646px\" \/><figcaption id=\"caption-attachment-1222\" class=\"wp-caption-text\">IPJ Olt militienii abuzivi ai acestui sediu in frunte cu adjunctul IPJ<\/figcaption><\/figure>\n<p>Toate dosarele lui Bercea Mondialu au fost puse \u00een mi\u015fcare pe baz\u0103 de intercept\u0103ri efectuate la negru, timp de 3 ani de zile \u015fi b\u0103ie\u0163ii de\u015ftep\u0163i de la servicii au g\u0103sit PSD-istul Iacobescu, b\u0103iat de onoare, s\u0103 \u00eenceap\u0103 joaca cu falsurile, intercept\u0103rile \u015fi s\u0103 formeze dosare lui Bercea Mondialu, crez\u00e2nd c\u0103-l poate ag\u0103\u0163a pe Mircea B\u0103sescu etc. \u015fi a\u015fa va sc\u0103pa de pre\u015fedintele B\u0103sescu Ponta Victor Viorel.Ace\u015fti ofi\u0163eri de la serviciile IGPR \u015fi SRI Craiova, c\u00e2t \u015fi sclavul lor Iacobescu, n-au \u015ftiut c\u0103 sunt monitoriza\u0163i legal, dar nu vor afla niciodat\u0103 de cine \u015fi sf\u00e2r\u015fitul libert\u0103\u0163ii lor este aproape.Mascota PSD, Eugen Iacobescu, nu a mai putut \u0163ine \u00een gu\u015f\u0103 intercept\u0103rile f\u0103r\u0103 autoriza\u0163ie, at\u00e2t efectuate de el, c\u00e2t \u015fi de servicii \u015fi a intrat \u00een direct, precum \u015fti\u0163i, la Antena 3, pl\u00e2ng\u00e2ndu-se la dejec\u0163ia G\u00e2dea c\u0103 el a fost exclus din magistratur\u0103 \u00een mod abuziv \u015fi f\u0103r\u0103 a exista vreo dovad\u0103 \u00eempotriva lui. Prost\u0103nacul lui Ponta, Iacobescu, a fost exclus din magitratur\u0103 pentru c\u0103 CSM a v\u0103zut \u00een dosarele infractorului toate falsurile ( intercept\u00e2nd \u015fi implicarea lui \u00eempreun\u0103 cu Victor Viorel Ponta, chipurile premier, la toate dosarele lui Bercea Mondialu, crez\u00e2nd c\u0103 va ob\u0163ine arestarea at\u00e2t a lui Mircea B\u0103sescu, c\u00e2t \u015fi a pre\u015fedintelui B\u0103sescu de urgen\u0163\u0103 pe baza intercept\u0103rilor false). At\u00e2t acuza\u0163iile pe care le-a adus Iacobescu \u00eempotriva prim-procurorului Parchetului Tribunalului Olt, c\u00e2t \u015fi a procurorului general Ponea de la Parchetul Cur\u0163ii de Apel Craiova etc la posturile TV Antena 3 pentru a-\u015fi ar\u0103ta \u00eenc\u0103 o dat\u0103 prietenia fa\u0163\u0103 de Ponta \u015fi G\u00e2dea \u015fi de a se sc\u0103pa \u00een direct c\u0103 el, c\u00e2nd a v\u0103zut intercept\u0103rile lui Bercea Mondialu \u015fi implicat, chipurile, Mircea B\u0103sescu, a crezut c\u0103 la cei doi le-a venit sf\u00e2r\u015fitul libert\u0103\u0163ii, dar mai avea de interceptat la negru \u015fi pe pre\u015fedintele B\u0103sescu pentru a-l \u00eengenunchea.<\/p>\n<figure id=\"attachment_1218\" aria-describedby=\"caption-attachment-1218\" style=\"width: 455px\" class=\"wp-caption alignright\"><img loading=\"lazy\" decoding=\"async\" class=\"size-full wp-image-1218\" alt=\"Eugen Iacobescu - procuror infractor care a executat comanda lui Ponta\" src=\"http:\/\/www.editiespecialapress.ro\/wp\/wp-content\/uploads\/2014\/07\/Eugen.Iacobescu-procuror-infractor-care-a-executat-comanda-lui-Ponta.jpg\" width=\"455\" height=\"280\" srcset=\"https:\/\/www.editiespecialapress.ro\/newtest\/wp-content\/uploads\/2014\/07\/Eugen.Iacobescu-procuror-infractor-care-a-executat-comanda-lui-Ponta.jpg 455w, https:\/\/www.editiespecialapress.ro\/newtest\/wp-content\/uploads\/2014\/07\/Eugen.Iacobescu-procuror-infractor-care-a-executat-comanda-lui-Ponta-300x185.jpg 300w, https:\/\/www.editiespecialapress.ro\/newtest\/wp-content\/uploads\/2014\/07\/Eugen.Iacobescu-procuror-infractor-care-a-executat-comanda-lui-Ponta-150x92.jpg 150w\" sizes=\"auto, (max-width: 455px) 100vw, 455px\" \/><figcaption id=\"caption-attachment-1218\" class=\"wp-caption-text\">Eugen Iacobescu &#8211; procuror infractor care a executat comanda lui Ponta<\/figcaption><\/figure>\n<p>Acest paranoic analfabet Iacobescu nu \u00eenv\u0103\u0163ase s\u0103 se mul\u0163umeasc\u0103 cu o sanc\u0163iune at\u00e2t de u\u015foar\u0103 din partea CSM \u015fi dorind \u00een continuare s\u0103 fie \u00eengenuncheat definitiv at\u00e2t el c\u00e2t \u015fi b\u0103ie\u0163ii de\u015ftep\u0163i de la servicii, c\u00e2t \u015fi doamna adjunct\u0103 IPJ Olt. El tot timpul se g\u00e2nde\u015fte la intercept\u0103rile false \u015fi la prescrip\u0163ii, dar \u00eenc\u0103 nu a \u00eenv\u0103\u0163at din N.C. P.P. Toate dosarele acestui inractor Iacobescu, efectuate la comdand\u0103 politic\u0103 sunt echipate cu intercept\u0103ri la negru pe timp de maxim 3 ani de zile. Folosea ca b\u0103ie\u0163ii de\u015ftep\u0163i autosesizarea de la intercept\u0103rile false ale b\u0103ie\u0163ilor de\u015ftep\u0163i de la servicii efectuate la negru \u015fi gata \u00eentocmea dosarul \u015fi trecea la perchezi\u0163ii, c\u00e2t \u015fi la arest\u0103ri. Gunoiul se ruga la judec\u0103tori s\u0103-i \u00eenghit\u0103 falsurile pentru a-i elibera autoriza\u0163ii de percehzi\u0163ii \u015fi mandate de arestare la victime. De multe ori i-a ie\u015fit! Dobitocul a avut curajul s\u0103 le pun\u0103 \u015fi pe Youtube.Tot timpul spunea la Antena 3 c\u0103 reiese din intercept\u0103rile false suma de 2 milioane de euro ale lui Bercea Mondialu c\u0103tre Mircea B\u0103sescu. Jigodia ordinar\u0103, f\u0103r\u0103 scrupule \u015fi ofticat\u0103 c\u0103 nu mai face parte din sistemul democrat de justi\u0163ie a crezut c\u0103 dac\u0103 este la pensie nu va fi arestat sau c\u0103 i s-ar fi prescris toate faptele penale grave.<\/p>\n<figure id=\"attachment_1219\" aria-describedby=\"caption-attachment-1219\" style=\"width: 550px\" class=\"wp-caption alignright\"><img loading=\"lazy\" decoding=\"async\" class=\"size-full wp-image-1219\" alt=\"Mihai Gadea -  diversionistul lui Iacobescu si al lui Ponta\" src=\"http:\/\/www.editiespecialapress.ro\/wp\/wp-content\/uploads\/2014\/07\/Mihai-Gadea-diversionistul-lui-Iacobescu-si-al-lui-Ponta.jpg\" width=\"550\" height=\"400\" srcset=\"https:\/\/www.editiespecialapress.ro\/newtest\/wp-content\/uploads\/2014\/07\/Mihai-Gadea-diversionistul-lui-Iacobescu-si-al-lui-Ponta.jpg 550w, https:\/\/www.editiespecialapress.ro\/newtest\/wp-content\/uploads\/2014\/07\/Mihai-Gadea-diversionistul-lui-Iacobescu-si-al-lui-Ponta-300x218.jpg 300w, https:\/\/www.editiespecialapress.ro\/newtest\/wp-content\/uploads\/2014\/07\/Mihai-Gadea-diversionistul-lui-Iacobescu-si-al-lui-Ponta-150x109.jpg 150w\" sizes=\"auto, (max-width: 550px) 100vw, 550px\" \/><figcaption id=\"caption-attachment-1219\" class=\"wp-caption-text\">Mihai Gadea &#8211; diversionistul lui Iacobescu si al lui Ponta<\/figcaption><\/figure>\n<p>Nesim\u0163itul a avut tupeul s\u0103 indice pe post la Antena 3 dosarul num\u0103rul 297\/2011 al lui Bercea Mondialu \u015fi alte dosare de intercept\u0103ri cu falsuri. Acest procuror comunist Iacobescu a nenorocit mii de victime din Olt, unele au paralizat \u00een arest \u015fi altele au murit \u00een PNT cu ani \u00een urm\u0103. \u00cen mintea lui bolnav\u0103 a crezut c\u0103 dac\u0103 se vait\u0103 la Antena 3 \u00eel aude generalul Ni\u0163u \u015fi-i va distruge pe procurorii competen\u0163i, profesioni\u015fti \u00een cerect\u0103ri de la Olt \u015fi Craiova, care l-au prevenit pentru infrac\u0163iunile pe care le s\u0103v\u00e2r\u015fea escrocul \u00een Parchet etc. Procurorul general Ponea de la Parchetul Cur\u0163ii de Apel Craiova trebuia s\u0103-l aresteze de c\u00e2nd i-a luat dosarele \u00een\u0163\u0103sate cu falsuri \u015fi ar\u0103t\u00e2ndu-i c\u0103-i preg\u0103te\u015fte eliberarea din magistratur\u0103 corect.\u015ei dosarele cu falsuri a dispus s\u0103 i le ia pentru a le da altor procurori competen\u0163i \u015fi s\u0103n\u0103to\u015fi mental \u00een vederea de a nu se l\u0103sa cu victime \u015fi d\u00e2ndu-le NUP acestora. Acest procuror bolnav psihic a lucrat la comanda politic\u0103 a \u015fefului Ponta Viorel PSD. Dac\u0103 ar fi fost l\u0103sat de \u015feful lui Pont\u0103nacul ar fi luat \u015fpaga de la Bercea Mondialu, cei 250 000 de euro pe care se laud\u0103 c\u0103 i-ar fi refuzat. Aceast\u0103 filier\u0103 de infractori de joas\u0103 spe\u0163\u0103 nu se g\u00e2ndea \u00een via\u0163a ei c\u0103 va fi dovedit\u0103.<\/p>\n<figure id=\"attachment_1220\" aria-describedby=\"caption-attachment-1220\" style=\"width: 594px\" class=\"wp-caption alignright\"><img loading=\"lazy\" decoding=\"async\" class=\"size-full wp-image-1220\" alt=\"Ponta - politruc care a dat ordine la procuror\" src=\"http:\/\/www.editiespecialapress.ro\/wp\/wp-content\/uploads\/2014\/07\/Ponta-politruc-care-a-dat-ordine-la-procuror.jpg\" width=\"594\" height=\"441\" srcset=\"https:\/\/www.editiespecialapress.ro\/newtest\/wp-content\/uploads\/2014\/07\/Ponta-politruc-care-a-dat-ordine-la-procuror.jpg 594w, https:\/\/www.editiespecialapress.ro\/newtest\/wp-content\/uploads\/2014\/07\/Ponta-politruc-care-a-dat-ordine-la-procuror-300x223.jpg 300w, https:\/\/www.editiespecialapress.ro\/newtest\/wp-content\/uploads\/2014\/07\/Ponta-politruc-care-a-dat-ordine-la-procuror-150x111.jpg 150w, https:\/\/www.editiespecialapress.ro\/newtest\/wp-content\/uploads\/2014\/07\/Ponta-politruc-care-a-dat-ordine-la-procuror-485x360.jpg 485w\" sizes=\"auto, (max-width: 594px) 100vw, 594px\" \/><figcaption id=\"caption-attachment-1220\" class=\"wp-caption-text\">Ponta &#8211; politruc care a dat ordine la procuror<\/figcaption><\/figure>\n<p>Iacobescu dup\u0103 \u00eentocmirea dosarului pe baz\u0103 de intercept\u0103ri f\u0103r\u0103 autoriza\u0163ie, \u00een prima faz\u0103, a \u00eemputernicit alt infractor, chipurile ofi\u0163er sub acoperire, pentru a str\u00e2nge informa\u0163ii \u015fi a-i pune capcane lui Mircea B\u0103sescu, adic\u0103 s\u0103-i dea banii Bercea Mondialu \u015fi familia lui pentru a-i scoate infrac\u0163iunea de trafic de influen\u0163\u0103. Ce tupeu a avut acest infractor Iacobescu s\u0103 mearg\u0103 la judec\u0103tori de fiecare dat\u0103 \u015fi la toate dosarele lui Bercea s\u0103 solicite \u00een continuare autoriza\u0163ii pentru intercept\u0103ri, dar \u015ftiind c\u0103 \u00eenceputul dosarului era pe baz\u0103 de intercept\u0103ri f\u0103r\u0103 autoriza\u0163ie aduse de c\u0103tre SRI-\u015fti , serviciile IGPR. Halal de procuror \u015fi ofi\u0163er SRI \u015fi serviciile IGPR! Acest Iacobescu are toat\u0103 activitatea lui de la prima zi de angajare, numai arest\u0103ri victime,f\u0103r\u0103 a exista probe,sau pe intercept\u0103ri f\u0103r\u0103 autoriza\u0163ie.<\/p>\n<figure id=\"attachment_1221\" aria-describedby=\"caption-attachment-1221\" style=\"width: 380px\" class=\"wp-caption alignright\"><img loading=\"lazy\" decoding=\"async\" class=\"size-full wp-image-1221\" alt=\"Mircea Basescu - victima lui Iacobescu\" src=\"http:\/\/www.editiespecialapress.ro\/wp\/wp-content\/uploads\/2014\/07\/Mircea-Bsescu-victima-lui-Iacobescu.jpg\" width=\"380\" height=\"220\" srcset=\"https:\/\/www.editiespecialapress.ro\/newtest\/wp-content\/uploads\/2014\/07\/Mircea-Bsescu-victima-lui-Iacobescu.jpg 380w, https:\/\/www.editiespecialapress.ro\/newtest\/wp-content\/uploads\/2014\/07\/Mircea-Bsescu-victima-lui-Iacobescu-300x174.jpg 300w, https:\/\/www.editiespecialapress.ro\/newtest\/wp-content\/uploads\/2014\/07\/Mircea-Bsescu-victima-lui-Iacobescu-150x87.jpg 150w\" sizes=\"auto, (max-width: 380px) 100vw, 380px\" \/><figcaption id=\"caption-attachment-1221\" class=\"wp-caption-text\">Mircea Basescu &#8211; victima lui Iacobescu<\/figcaption><\/figure>\n<p>1. Solicit\u0103m CSM s\u0103 verifice cu aten\u0163ie dosarele lui Bercea Mondialu precum \u015fi procurorii de la Parchetul de pe l\u00e2ng\u0103 \u00cenalta Curte de Casa\u0163ie \u015fi Justi\u0163ie.<\/p>\n<p>2. Solicit\u0103m procurorului general de la Parchetul de pe l\u00e2ng\u0103 Curtea de Apel Craiova s\u0103 dispun\u0103 cercet\u0103ri de urgen\u0163\u0103 \u00eempotriva ex-procurorului Iacobescu Eugen \u015fi a tuturor celor implica\u0163i de la diferite servicii IGPR \u015fi SRI pentru a se stabili cu exactitate c\u00e2te dosare a \u00eentocmit procurorul Iacobescu \u015fi ofi\u0163erii la comanda politicienilor pe baz\u0103 de intercept\u0103ri f\u0103r\u0103 autoriza\u0163ie timp de 3 ani.<\/p>\n<p>3. Solicit\u0103m s\u0103 verifica\u0163i c\u00e2te victime au paralizat \u00een arest \u015fi c\u00e2te au murit \u00een PNT din m\u00e2na acestui criminal Iacobescu.<\/p>\n<p>4. Solicit\u0103m verificarea convorbirilor lui Iacobescu c\u00e2t \u015fi ale ofi\u0163erilor SRI implica\u0163i \u015fi ale celorlal\u0163i ofi\u0163eri de la serviciile IGPR implica\u0163i, precum \u015fi traseele stabilite ale tuturor.<\/p>\n<p>5. Solicit\u0103m s\u0103 i se verifice lui Iacobescu toat\u0103 activitatea de la prima zi de angajare \u00een magistratur\u0103 pentru a se stabili cu exactitate c\u00e2te victime a omor\u00e2t prin \u00eentocmirea dosarelor penale f\u0103r\u0103 a exista probe sau pe falsuri ( intercept\u0103ri).<\/p>\n","protected":false},"excerpt":{"rendered":"<p>Continu\u0103m \u00een aceast\u0103 edi\u0163ie cu cele mai mari dejec\u0163ii de infractori din jude\u0163ul Olt, procurorul Eugen Iacobescu, adjunctul IPJ Olt, c\u00e2t \u015fi cei de la serviciile IGPR \u015fi SRI Craiova.<\/p>\n","protected":false},"author":2,"featured_media":1223,"comment_status":"closed","ping_status":"open","sticky":false,"template":"","format":"standard","meta":{"footnotes":""},"categories":[2],"tags":[],"class_list":{"0":"post-1216","1":"post","2":"type-post","3":"status-publish","4":"format-standard","5":"has-post-thumbnail","7":"category-ancheta"},"_links":{"self":[{"href":"https:\/\/www.editiespecialapress.ro\/newtest\/wp-json\/wp\/v2\/posts\/1216","targetHints":{"allow":["GET"]}}],"collection":[{"href":"https:\/\/www.editiespecialapress.ro\/newtest\/wp-json\/wp\/v2\/posts"}],"about":[{"href":"https:\/\/www.editiespecialapress.ro\/newtest\/wp-json\/wp\/v2\/types\/post"}],"author":[{"embeddable":true,"href":"https:\/\/www.editiespecialapress.ro\/newtest\/wp-json\/wp\/v2\/users\/2"}],"replies":[{"embeddable":true,"href":"https:\/\/www.editiespecialapress.ro\/newtest\/wp-json\/wp\/v2\/comments?post=1216"}],"version-history":[{"count":0,"href":"https:\/\/www.editiespecialapress.ro\/newtest\/wp-json\/wp\/v2\/posts\/1216\/revisions"}],"wp:featuredmedia":[{"embeddable":true,"href":"https:\/\/www.editiespecialapress.ro\/newtest\/wp-json\/wp\/v2\/media\/1223"}],"wp:attachment":[{"href":"https:\/\/www.editiespecialapress.ro\/newtest\/wp-json\/wp\/v2\/media?parent=1216"}],"wp:term":[{"taxonomy":"category","embeddable":true,"href":"https:\/\/www.editiespecialapress.ro\/newtest\/wp-json\/wp\/v2\/categories?post=1216"},{"taxonomy":"post_tag","embeddable":true,"href":"https:\/\/www.editiespecialapress.ro\/newtest\/wp-json\/wp\/v2\/tags?post=1216"}],"curies":[{"name":"wp","href":"https:\/\/api.w.org\/{rel}","templated":true}]}}