{"id":1443,"date":"2014-09-29T01:46:44","date_gmt":"2014-09-29T01:46:44","guid":{"rendered":"http:\/\/www.editiespecialapress.ro\/?p=1443"},"modified":"2014-09-29T01:46:44","modified_gmt":"2014-09-29T01:46:44","slug":"cangurul-acoperit-al-guvernului-romaniei-victor-viorel-ponta-care-si-a-platit-gradul-de-colonel-sefului-gnr-frizer-gabriel-oprea-si-bineinteles-misiunea-catre-nato-ca-ofiter-acoperit-al-servicii","status":"publish","type":"post","link":"https:\/\/www.editiespecialapress.ro\/newtest\/2014\/09\/29\/cangurul-acoperit-al-guvernului-romaniei-victor-viorel-ponta-care-si-a-platit-gradul-de-colonel-sefului-gnr-frizer-gabriel-oprea-si-bineinteles-misiunea-catre-nato-ca-ofiter-acoperit-al-servicii\/","title":{"rendered":"Cangurul acoperit al Guvernului Rom\u00e2niei, Victor Viorel Ponta, care \u015fi-a pl\u0103tit gradul de colonel \u015fefului Gnr. frizer Gabriel Oprea \u015fi, bine\u00een\u0163eles, misiunea c\u0103tre NATO, ca ofi\u0163er acoperit al Serviciilor Secrete  M.A.P.N. \u00eenc\u0103 din anul 2010, pl\u0103tind sute de mii de dolari pentru aceste grade cu banii de la Felix Motanul Voiculescu, infractor arestat \u015fi la fund caca"},"content":{"rendered":"<div>\n<figure id=\"attachment_1445\" aria-describedby=\"caption-attachment-1445\" style=\"width: 630px\" class=\"wp-caption alignright\"><img loading=\"lazy\" decoding=\"async\" class=\"size-full wp-image-1445\" alt=\"Sarbu Ilie - colonel fictiv acoperit\" src=\"http:\/\/www.editiespecialapress.ro\/wp\/wp-content\/uploads\/2014\/09\/i-sarbu.jpg\" width=\"630\" height=\"419\" srcset=\"https:\/\/www.editiespecialapress.ro\/newtest\/wp-content\/uploads\/2014\/09\/i-sarbu.jpg 630w, https:\/\/www.editiespecialapress.ro\/newtest\/wp-content\/uploads\/2014\/09\/i-sarbu-300x200.jpg 300w, https:\/\/www.editiespecialapress.ro\/newtest\/wp-content\/uploads\/2014\/09\/i-sarbu-150x100.jpg 150w\" sizes=\"auto, (max-width: 630px) 100vw, 630px\" \/><figcaption id=\"caption-attachment-1445\" class=\"wp-caption-text\">Sarbu Ilie &#8211; colonel fictiv acoperit<\/figcaption><\/figure>\n<p>Continu\u0103m \u00een aceast\u0103 edi\u0163ie cu cel mai mare cangur acoperit al Guvernului Rom\u00e2niei, Victor Viorel Ponta \u015fi cu \u015feful lui, Generalul frizer Gabriel Oprea, to\u0163i mini\u015ftrii ap\u0103r\u0103rii rom\u00e2ne, precum \u015fi directorii serviciilor M.A.P.N. care au luat sute de mii de dolari pe cap de c\u0103pitan, maior, locotenent-colonel, colonel, precum \u015fi cei de la Academie care le-au \u00eenm\u00e2nat diplome de absolvire a Academiei Militare f\u0103r\u0103 a fi prezen\u0163i la cursuri sau la instruiri.<\/p><\/div>\n<div>\n<figure id=\"attachment_1446\" aria-describedby=\"caption-attachment-1446\" style=\"width: 560px\" class=\"wp-caption alignright\"><img loading=\"lazy\" decoding=\"async\" class=\"size-full wp-image-1446\" alt=\"Crin Antonescu si Victor Ponta - acoperiti fictivi\" src=\"http:\/\/www.editiespecialapress.ro\/wp\/wp-content\/uploads\/2014\/09\/Crin_Antonescu_si_Victor_Ponta.jpg\" width=\"560\" height=\"316\" srcset=\"https:\/\/www.editiespecialapress.ro\/newtest\/wp-content\/uploads\/2014\/09\/Crin_Antonescu_si_Victor_Ponta.jpg 560w, https:\/\/www.editiespecialapress.ro\/newtest\/wp-content\/uploads\/2014\/09\/Crin_Antonescu_si_Victor_Ponta-300x169.jpg 300w, https:\/\/www.editiespecialapress.ro\/newtest\/wp-content\/uploads\/2014\/09\/Crin_Antonescu_si_Victor_Ponta-150x85.jpg 150w\" sizes=\"auto, (max-width: 560px) 100vw, 560px\" \/><figcaption id=\"caption-attachment-1446\" class=\"wp-caption-text\">Crin Antonescu si Victor Ponta &#8211; acoperiti fictivi<\/figcaption><\/figure>\n<p>Dragii no\u015ftri cititori, \u00eencepem a v\u0103 prezenta ofi\u0163erul acoperit, chipurile premierul Rom\u00e2niei, Victor Viorel Ponta, \u00eenc\u0103 din anul 2009 p\u00e2n\u0103 \u00een prezent, care a efectuat la ordinul Generalului Oprea, ex-ministru al Ap\u0103r\u0103rii Na\u0163ionale, \u015fi al directorilor din Direc\u0163ia General\u0103 de Informa\u0163ii M.A.P.N., generalul maior Francisc Radici, general-locotenent Ilie Boto\u015f \u015fi general-locotenent \u00a0Marian H\u0103p\u0103u, actualul director al Direc\u0163iei de Informa\u0163ii M.A.P.N., loviturile la institu\u0163iile de stat \u00a0\u00een 2012 la Senatul Rom\u00e2niei, Camera Deputa\u0163ilor \u015fi la Palatul Cotroceni, alung\u00e2ndu-i pe \u015fefii de institu\u0163ii men\u0163iona\u0163i mai sus , \u00eempreun\u0103 cu tot clanul \u0163ig\u0103nesc-240 de \u0163igani needuca\u0163i- chipurile parlamentari.<\/p><\/div>\n<div>\n<figure id=\"attachment_1447\" aria-describedby=\"caption-attachment-1447\" style=\"width: 1693px\" class=\"wp-caption alignright\"><img loading=\"lazy\" decoding=\"async\" class=\"size-full wp-image-1447\" alt=\"General locotenent Marian H\u0103p\u0103u, Direc\u0163ia General\u0103 de Informa\u0163ii a Ap\u0103r\u0103rii Na\u0163ionale  (director), cel mai mare infractor\" src=\"http:\/\/www.editiespecialapress.ro\/wp\/wp-content\/uploads\/2014\/09\/gl_hapau_.jpg\" width=\"1693\" height=\"2258\" srcset=\"https:\/\/www.editiespecialapress.ro\/newtest\/wp-content\/uploads\/2014\/09\/gl_hapau_.jpg 1693w, https:\/\/www.editiespecialapress.ro\/newtest\/wp-content\/uploads\/2014\/09\/gl_hapau_-225x300.jpg 225w, https:\/\/www.editiespecialapress.ro\/newtest\/wp-content\/uploads\/2014\/09\/gl_hapau_-768x1024.jpg 768w, https:\/\/www.editiespecialapress.ro\/newtest\/wp-content\/uploads\/2014\/09\/gl_hapau_-1152x1536.jpg 1152w, https:\/\/www.editiespecialapress.ro\/newtest\/wp-content\/uploads\/2014\/09\/gl_hapau_-1536x2048.jpg 1536w, https:\/\/www.editiespecialapress.ro\/newtest\/wp-content\/uploads\/2014\/09\/gl_hapau_-150x200.jpg 150w, https:\/\/www.editiespecialapress.ro\/newtest\/wp-content\/uploads\/2014\/09\/gl_hapau_-300x400.jpg 300w, https:\/\/www.editiespecialapress.ro\/newtest\/wp-content\/uploads\/2014\/09\/gl_hapau_-696x928.jpg 696w, https:\/\/www.editiespecialapress.ro\/newtest\/wp-content\/uploads\/2014\/09\/gl_hapau_-1068x1424.jpg 1068w\" sizes=\"auto, (max-width: 1693px) 100vw, 1693px\" \/><figcaption id=\"caption-attachment-1447\" class=\"wp-caption-text\">General locotenent Marian H\u0103p\u0103u, Direc\u0163ia General\u0103 de Informa\u0163ii a Ap\u0103r\u0103rii Na\u0163ionale (director), cel mai mare infractor<\/figcaption><\/figure>\n<p>Acest asasin , Ponta, care are pe con\u015ftiin\u0163\u0103 doi procurori asasina\u0163i \u00a0de el prin diferite tehnici perverse, mai are \u015fi tupeul s\u0103-\u015fi declare candidatura pentru Cotroceni \u015fi s\u0103 mearg\u0103 B.E.C. pentru a intra \u00een cursa preziden\u0163ial\u0103 ca ofi\u0163er acoperit al Direc\u0163iei Generale de Informa\u0163ii Militare. Acest mucos asasin \u015fi-a permis s\u0103 cheltuie la suspendarea pre\u015fedintelui B\u0103sescu din rezerva statului circa 30 de milioane de euro pe afi\u015fe electorale , organiz\u0103ri de meeting-uri etc. \u00a0Nereu\u015findu-i loviturile de stat la Cotroceni , prin lege este obligat \u00a0s\u0103 r\u0103spund\u0103 pentru organizarea clanului de 240 politruci comuni\u015fti sus\u0163inu\u0163i \u015fi trimi\u015fi de b\u0103ie\u0163ii de\u015ftep\u0163i, frizerulGeneral Oprea , precum \u015fi directorul general al Direc\u0163iei \u00a0Generale de Informa\u0163ii \u00a0Militare, gnr-locotenent, Ilie Boto\u015f, \u015fi gnr-locotenent, Marian H\u0103p\u0103u. Din ace\u015fti 240 de politruci care au participat la loviturile de stat la institu\u0163ii sunt acoperi\u0163i cel pu\u0163in 50 de buc\u0103\u0163i.<\/p>\n<figure id=\"attachment_1448\" aria-describedby=\"caption-attachment-1448\" style=\"width: 300px\" class=\"wp-caption alignright\"><img loading=\"lazy\" decoding=\"async\" class=\"size-full wp-image-1448\" alt=\"General maior Francisc Radici,infractor des\u0103v\u00e2r\u015fit\" src=\"http:\/\/www.editiespecialapress.ro\/wp\/wp-content\/uploads\/2014\/09\/307461.jpg\" width=\"300\" height=\"221\" srcset=\"https:\/\/www.editiespecialapress.ro\/newtest\/wp-content\/uploads\/2014\/09\/307461.jpg 300w, https:\/\/www.editiespecialapress.ro\/newtest\/wp-content\/uploads\/2014\/09\/307461-150x111.jpg 150w\" sizes=\"auto, (max-width: 300px) 100vw, 300px\" \/><figcaption id=\"caption-attachment-1448\" class=\"wp-caption-text\">General maior Francisc Radici,infractor des\u0103v\u00e2r\u015fit<\/figcaption><\/figure>\n<p>Acest asasin Ponta \u015fi tovar\u0103\u015fii lui de infrac\u0163iuni, cei 240 + b\u0103ie\u0163ii de\u015ftep\u0163i de la Direc\u0163ia General\u0103 de Informa\u0163ii Militare+ ex-ministrul Gabriel Oprea sunt obliga\u0163i prin lege s\u0103 achite suma \u015fi paguba pe care a produs-o la suspendarea pre\u015fedintelui \u00a0de 30 de milioane de euro. \u00a0C.C.R. a confirmat prin decizie lovitura la institu\u0163ia de stat Cotroceni. \u00a0Generalul Ni\u0163u, \u015feful Parchetului General, prietenul lui Ponta de cafea etc. nu a dorit nici la aceast\u0103 or\u0103 s\u0103 se autosesizeze \u00a0\u00een leg\u0103tur\u0103 cu cele prezentate \u00een acest articol, favoriz\u00e2nd to\u0163i infractorii participan\u0163i la infrac\u0163iuni foarte grave. \u00a0Dup\u0103 mintea acestui psihopat, Ponta, poporul trebuie s\u0103 mearg\u0103 la alegeri sau la suspend\u0103ri de pre\u015fedin\u0163i c\u00e2nd i se scoal\u0103, pe banul statului, pagub\u0103 de zeci de milioane de euro.<\/p><\/div>\n<div>\n<figure id=\"attachment_1449\" aria-describedby=\"caption-attachment-1449\" style=\"width: 500px\" class=\"wp-caption alignright\"><img loading=\"lazy\" decoding=\"async\" class=\"size-full wp-image-1449\" alt=\"General locotenent Ilie Boto\u015f, infractor periculos\" src=\"http:\/\/www.editiespecialapress.ro\/wp\/wp-content\/uploads\/2014\/09\/botos.jpg\" width=\"500\" height=\"481\" srcset=\"https:\/\/www.editiespecialapress.ro\/newtest\/wp-content\/uploads\/2014\/09\/botos.jpg 500w, https:\/\/www.editiespecialapress.ro\/newtest\/wp-content\/uploads\/2014\/09\/botos-300x289.jpg 300w, https:\/\/www.editiespecialapress.ro\/newtest\/wp-content\/uploads\/2014\/09\/botos-150x144.jpg 150w\" sizes=\"auto, (max-width: 500px) 100vw, 500px\" \/><figcaption id=\"caption-attachment-1449\" class=\"wp-caption-text\">General locotenent Ilie Boto\u015f, infractor periculos<\/figcaption><\/figure>\n<p>El se laud\u0103 la prietenii de suflet c\u0103 \u015fi-a atins scopul de a ajunge colonel acoperit \u00a0\u015fi, bine\u00een\u0163eles, \u00a0\u015fi \u015feful Guvernului \u00eentruc\u00e2t nu \u00eei va putea rezista nimeni \u00een fa\u0163\u0103 c\u00e2nd are o misiune de la domnii generali Gabriel Oprea, ofi\u0163er acoperit Direc\u0163ia Informa\u0163ii M.A.P.N.\u015fi de la directorul general Informa\u0163ii Militare, Marian H\u0103p\u0103u. \u00a0Aceste dou\u0103 \u00a0cadavre alterate, Oprea \u015fi Ponta, nu au \u015ftiut c\u0103 sunt \u015fi alte&#8230; mai de\u015ftepte dec\u00e2t ei ai M.A.P.N.-ului Servicii. Au \u0163inut \u00een mare secret \u00een mintea lor bolnav\u0103 aceste infrac\u0163iuni pe care le practic\u0103 din 2009 \u015fi p\u00e2n\u0103 \u00een prezent.<\/p><\/div>\n<div>\n<figure id=\"attachment_1450\" aria-describedby=\"caption-attachment-1450\" style=\"width: 660px\" class=\"wp-caption alignright\"><img loading=\"lazy\" decoding=\"async\" class=\"size-full wp-image-1450\" alt=\"Ion Mircea Pa\u015fcu, ministrul ap\u0103r\u0103rii- infractor\" src=\"http:\/\/www.editiespecialapress.ro\/wp\/wp-content\/uploads\/2014\/09\/pascu3.jpg\" width=\"660\" height=\"458\" srcset=\"https:\/\/www.editiespecialapress.ro\/newtest\/wp-content\/uploads\/2014\/09\/pascu3.jpg 660w, https:\/\/www.editiespecialapress.ro\/newtest\/wp-content\/uploads\/2014\/09\/pascu3-300x208.jpg 300w, https:\/\/www.editiespecialapress.ro\/newtest\/wp-content\/uploads\/2014\/09\/pascu3-150x104.jpg 150w, https:\/\/www.editiespecialapress.ro\/newtest\/wp-content\/uploads\/2014\/09\/pascu3-218x150.jpg 218w\" sizes=\"auto, (max-width: 660px) 100vw, 660px\" \/><figcaption id=\"caption-attachment-1450\" class=\"wp-caption-text\">Ion Mircea Pa\u015fcu, ministrul ap\u0103r\u0103rii- infractor<\/figcaption><\/figure>\n<p>Pre\u015fedintelui B\u0103sescu i-a fost ru\u015fine s\u0103 informeze opinia public\u0103 c\u0103 aceste scursuri ale societ\u0103\u0163ii ac\u0163ioneaz\u0103 exact cum am relatat \u015fi c\u0103 sunt am\u00e2ndoi ofi\u0163eri acoperi\u0163i (Oprea \u015fi Ponta) \u00een fruntea Guvernului Rom\u00e2niei. \u00a0Jegul de Ponta mai vrea s\u0103 ajung\u0103 \u015fi pre\u015fedintele statului, \u00eenc\u0103lc\u00e2nd spionul tot ceea ce \u00eenseamn\u0103 legi. Sf\u00e2r\u015fitul lor este aproape! Nu vor mai fi liberi ca taxiul, ci vor b\u0103ga pu\u015fcarie la greu. Dup\u0103 cum a\u0163i v\u0103zut se plimb\u0103 cu avioanele militare NATO ca la circ, f\u0103r\u0103 s\u0103 pl\u0103teasc\u0103 cursa, spionul Guvernului, care efectueaz\u0103 misiuni la NATO. Cei din NATO \u015ftiu povestea spionului premier de carton , dar sunt \u015fi ei mul\u0163umi\u0163i c\u0103 au un informator comunist bun. Viermelui de toalet\u0103 Ponta i-a intrat \u00een cap c\u0103 e ofi\u0163er acoperit \u00a0al Direc\u0163iei de Informa\u0163ii Militare \u015fi jet la NATO \u015fi c\u0103 nu va fi distrus de greii&#8230; Merge ca o ra\u0163\u0103 bo\u015foroag\u0103 cu fundul la N\u0103stase! \u00a0St\u0103m \u015fi ne \u00eentreb\u0103m de ce nu l-au sesizat mini\u015ftrii ai M.A.P.N. sau directorii de Informa\u0163ii Militare la pre\u015fedintele Rom\u00e2niei sau s\u0103-l trimit\u0103 \u00eempreun\u0103 cu Oprea la procurorul general al Cur\u0163ii Militare Bucure\u015fti \u015fi la D.N.A.Militar\u0103.Din informa\u0163iile noastre to\u0163i mini\u015ftrii M.A.P.N. din 2000-2014 au gradat aproximativ 3000 de politruci revolu\u0163ionari, jurnali\u015fti din toat\u0103 \u0163ara pentru a deveni ofi\u0163eri acoperi\u0163i ai Direc\u0163iei Militare \u015fi de a primi misiuni la diferite institu\u0163ii etc. Deci ministrul Mircea Du\u015fa \u015ftie c\u0103 Oprea \u015fi Ponta sunt infiltra\u0163i la Guvern \u015fi joac\u0103 un teatru de politruci profesioni\u015fti. P\u00e2n\u0103 acum ei zic c\u0103 au lucrat bine \u015fi c\u0103 \u00ee\u015fi merit\u0103 func\u0163iile. V\u00e2nd informa\u0163ii \u015fi secrete de stat la NATO pe bani grei, \u00eempreun\u0103 cu directorul general Informa\u0163ii Militare.<\/p><\/div>\n<div>\n<figure id=\"attachment_1451\" aria-describedby=\"caption-attachment-1451\" style=\"width: 407px\" class=\"wp-caption alignright\"><img loading=\"lazy\" decoding=\"async\" class=\"size-full wp-image-1451\" alt=\"Teodor Atanasiu, ministrul ap\u0103r\u0103rii-infractor\" src=\"http:\/\/www.editiespecialapress.ro\/wp\/wp-content\/uploads\/2014\/09\/atanasiu.jpg\" width=\"407\" height=\"407\" srcset=\"https:\/\/www.editiespecialapress.ro\/newtest\/wp-content\/uploads\/2014\/09\/atanasiu.jpg 407w, https:\/\/www.editiespecialapress.ro\/newtest\/wp-content\/uploads\/2014\/09\/atanasiu-300x300.jpg 300w, https:\/\/www.editiespecialapress.ro\/newtest\/wp-content\/uploads\/2014\/09\/atanasiu-150x150.jpg 150w\" sizes=\"auto, (max-width: 407px) 100vw, 407px\" \/><figcaption id=\"caption-attachment-1451\" class=\"wp-caption-text\">Teodor Atanasiu, ministrul ap\u0103r\u0103rii-infractor<\/figcaption><\/figure>\n<p>Ace\u015ftia tr\u0103d\u0103tori de neam \u015fi de patrie sunt \u00een stare s\u0103 pun\u0103 poporul la v\u00e2nzare \u00a0c\u0103tre NATO. Nu a\u0163i observat c\u0103 Ponta e ca un pre\u015fedinte de stat \u00een func\u0163ie de pe acum, \u015ftie tot ce mi\u015fc\u0103 de la cei 3000 de ofi\u0163eri acoperi\u0163i ai M.A.P.N. \u015fi are misiunile generalului Pacepa. Acest virus vrea s\u0103 intre \u00een istorie ca Ion Iliescu cu 1500 de crime \u00een 1989. Nu va avea acest noroc! \u00a0E ajutat de b\u0103ie\u0163ii de\u015ftep\u0163i de la Serviciile de Informa\u0163ii Militare \u015fi ace\u015ftia niciodat\u0103 nu au raportat S.R.I.-ului,la solicit\u0103rile directorului,c\u0103 Ponta e \u00a0ofi\u0163er acoperit \u015fi mai are tovar\u0103\u015fi ca el \u00eenc\u0103 3000 de buc\u0103\u0163i.<\/p><\/div>\n<div>\n<figure id=\"attachment_1452\" aria-describedby=\"caption-attachment-1452\" style=\"width: 560px\" class=\"wp-caption alignright\"><img loading=\"lazy\" decoding=\"async\" class=\"size-full wp-image-1452\" alt=\"Sorin Frunz\u0103verde ministru ap\u0103r\u0103rii- infractor\" src=\"http:\/\/www.editiespecialapress.ro\/wp\/wp-content\/uploads\/2014\/09\/sorin-frunzaverde.jpg\" width=\"560\" height=\"316\" srcset=\"https:\/\/www.editiespecialapress.ro\/newtest\/wp-content\/uploads\/2014\/09\/sorin-frunzaverde.jpg 560w, https:\/\/www.editiespecialapress.ro\/newtest\/wp-content\/uploads\/2014\/09\/sorin-frunzaverde-300x169.jpg 300w, https:\/\/www.editiespecialapress.ro\/newtest\/wp-content\/uploads\/2014\/09\/sorin-frunzaverde-150x85.jpg 150w\" sizes=\"auto, (max-width: 560px) 100vw, 560px\" \/><figcaption id=\"caption-attachment-1452\" class=\"wp-caption-text\">Sorin Frunz\u0103verde ministru ap\u0103r\u0103rii- infractorSorin Frunz\u0103verde ministru ap\u0103r\u0103rii- infractor<\/figcaption><\/figure>\n<p>Acest spion \u00eempu\u0163it \u015fi f\u0103r\u0103 scrupule st\u0103 \u00een fruntea Guvernului. Nu a \u00een\u0163eles c\u0103 greii instru\u0163i la&#8230; \u015ftiu tot ceea ce mi\u015fc\u0103 la Guvern, Senat, Camer\u0103, unde au \u00a0zeci de ofi\u0163eri acoperi\u0163i ai M.A.P.N, precum Ilie S\u00e2rbu (colonel \u00een func\u0163ie acoperit), o cioar\u0103 gulerat\u0103, \u00eempu\u0163it\u0103,ordinar\u0103&#8230;socrul lui Ponta. Ace\u015fti analfabe\u0163i au fost \u00eempropiet\u0103ri\u0163i cu grade de c\u0103pitani, precum Crin Antonescu- P.N.L.- , grade de colonei, generali, de ex-mini\u015ftrii ap\u0103r\u0103rii na\u0163ionale din anii 2000-2014 \u015fi au devenit \u015fi ofi\u0163eri acoperi\u0163i neinstrui\u0163i ca frizerul de Oprea \u015fi procurorul asasin Ponta \u015fi cioara de S\u00e2rbu. Nu le mai dai ciorilor cu&#8230; de nas.<\/p><\/div>\n<div>\n<figure id=\"attachment_1453\" aria-describedby=\"caption-attachment-1453\" style=\"width: 300px\" class=\"wp-caption alignright\"><img loading=\"lazy\" decoding=\"async\" class=\"size-full wp-image-1453\" alt=\" Teodor Mele\u015fcanu infractor nesim\u0163it, ministrul ap\u0103r\u0103rii\" src=\"http:\/\/www.editiespecialapress.ro\/wp\/wp-content\/uploads\/2014\/09\/teodor-melescanu.jpg\" width=\"300\" height=\"300\" srcset=\"https:\/\/www.editiespecialapress.ro\/newtest\/wp-content\/uploads\/2014\/09\/teodor-melescanu.jpg 300w, https:\/\/www.editiespecialapress.ro\/newtest\/wp-content\/uploads\/2014\/09\/teodor-melescanu-150x150.jpg 150w\" sizes=\"auto, (max-width: 300px) 100vw, 300px\" \/><figcaption id=\"caption-attachment-1453\" class=\"wp-caption-text\">Teodor Mele\u015fcanu infractor nesim\u0163it, ministrul ap\u0103r\u0103rii<\/figcaption><\/figure>\n<p>\u015ei Oprea \u015fi Ponta, s\u0103 \u015fti\u0163i c\u0103 tot ciori gulerate sunt. Le-a fost verificat vrejul. V\u0103 mai prezent\u0103m 4 colonei f\u0103cu\u0163i peste noapte \u00a0de Oprea etc. din jude\u0163ul Arge\u015f, \u015fi, bine\u00een\u0163eles, c\u0103 unul dintre ei este acoperit:<\/p><\/div>\n<div>1. Duminic\u0103 Ion, pre\u015fedintele asocia\u0163iei 22 Decembrie, colonel fictiv din Arge\u015f<\/div>\n<div>2. Mandu Vasile, revolu\u0163ionarul lui Ion Iliescu la lovitura de stat, colonel fictiv din Arge\u015f.<\/div>\n<div>3. Tudor Pendiuc, ofi\u0163er acoperit Direc\u0163ia General\u0103 Informa\u0163ii Militare M.A.P.N. cu grad de colonel, \u00een func\u0163ie primarul Pite\u015ftiului.<\/div>\n<div>4. Gheorghe Davidescu, ex-prefect de Arge\u015f, colonel fictiv<\/div>\n<div>\u00a0To\u0163i sunt ai M.A.P.N.-ului.<\/div>\n<div><\/div>\n<div>\n<figure id=\"attachment_1454\" aria-describedby=\"caption-attachment-1454\" style=\"width: 379px\" class=\"wp-caption alignright\"><img loading=\"lazy\" decoding=\"async\" class=\"size-full wp-image-1454\" alt=\"Mihai St\u0103ni\u015foara, ministru ap\u0103r\u0103rii-infractor f\u0103r\u0103 scrupule\" src=\"http:\/\/www.editiespecialapress.ro\/wp\/wp-content\/uploads\/2014\/09\/b4_stanisoara_mihai.jpg\" width=\"379\" height=\"480\" srcset=\"https:\/\/www.editiespecialapress.ro\/newtest\/wp-content\/uploads\/2014\/09\/b4_stanisoara_mihai.jpg 379w, https:\/\/www.editiespecialapress.ro\/newtest\/wp-content\/uploads\/2014\/09\/b4_stanisoara_mihai-237x300.jpg 237w, https:\/\/www.editiespecialapress.ro\/newtest\/wp-content\/uploads\/2014\/09\/b4_stanisoara_mihai-150x190.jpg 150w, https:\/\/www.editiespecialapress.ro\/newtest\/wp-content\/uploads\/2014\/09\/b4_stanisoara_mihai-300x380.jpg 300w\" sizes=\"auto, (max-width: 379px) 100vw, 379px\" \/><figcaption id=\"caption-attachment-1454\" class=\"wp-caption-text\">Mihai St\u0103ni\u015foara, ministru ap\u0103r\u0103rii-infractor f\u0103r\u0103 scrupule<\/figcaption><\/figure>\n<p>Am dat doar un mic exemplu din \u0163ar\u0103, asta \u00eensemn\u00e2nd 0,01%. V\u0103 \u00eenchipui\u0163i c\u00e2te mii de colonei a f\u0103cut ofi\u0163erul acoperit Oprea \u015fi c\u00e2t\u0103 \u015fpag\u0103 a primit nesim\u0163itul!? Dup\u0103 cum se laud\u0103 unii din cei 4 din Arge\u015f, ar fi pl\u0103tit c\u00e2teva sute de mii de dolari \u00a0pe gradele de colonel. Nicio lege nu le-a permis acestor infractori de mini\u015ftrii ai Ap\u0103r\u0103rii Na\u0163ionale s\u0103 fac\u0103 ofi\u0163eri la comand\u0103, pe sute de mii de dolari la fiecare bucat\u0103 de c\u0103pitan, maior, colonel etc. \u00a0Au invocat legile cum le-a venit la buzunar! Din miile acestea v\u0103 da\u0163i seama c\u00e2\u0163i sunt acoperi\u0163i \u015fi infiltra\u0163i \u00een Senat, Camera Deputa\u0163ilor, la Guvern, etc.<\/p><\/div>\n<div>\n<figure id=\"attachment_1455\" aria-describedby=\"caption-attachment-1455\" style=\"width: 1200px\" class=\"wp-caption alignright\"><img loading=\"lazy\" decoding=\"async\" class=\"size-full wp-image-1455\" alt=\"Gabriel Oprea, ministru ap\u0103r\u0103rii,infractor acoperit la Guvern \" src=\"http:\/\/www.editiespecialapress.ro\/wp\/wp-content\/uploads\/2014\/09\/gabriel-oprea.jpg\" width=\"1200\" height=\"900\" srcset=\"https:\/\/www.editiespecialapress.ro\/newtest\/wp-content\/uploads\/2014\/09\/gabriel-oprea.jpg 1200w, https:\/\/www.editiespecialapress.ro\/newtest\/wp-content\/uploads\/2014\/09\/gabriel-oprea-300x225.jpg 300w, https:\/\/www.editiespecialapress.ro\/newtest\/wp-content\/uploads\/2014\/09\/gabriel-oprea-1024x768.jpg 1024w, https:\/\/www.editiespecialapress.ro\/newtest\/wp-content\/uploads\/2014\/09\/gabriel-oprea-768x576.jpg 768w, https:\/\/www.editiespecialapress.ro\/newtest\/wp-content\/uploads\/2014\/09\/gabriel-oprea-150x113.jpg 150w, https:\/\/www.editiespecialapress.ro\/newtest\/wp-content\/uploads\/2014\/09\/gabriel-oprea-696x522.jpg 696w, https:\/\/www.editiespecialapress.ro\/newtest\/wp-content\/uploads\/2014\/09\/gabriel-oprea-1068x801.jpg 1068w\" sizes=\"auto, (max-width: 1200px) 100vw, 1200px\" \/><figcaption id=\"caption-attachment-1455\" class=\"wp-caption-text\">Gabriel Oprea, ministru ap\u0103r\u0103rii,infractor acoperit la Guvern<\/figcaption><\/figure>\n<p>Nu au acest drept prin nicio lege s\u0103 fie ofi\u0163eri acoperi\u0163i ai M.A.P.N. \u00een nicio institu\u0163ie sau S.R.L.-uri. \u00a0Numai ofi\u0163erii S.R.I. \u015fi C.I.A. pot avea acest drept dac\u0103 simt \u00a0ceva infrac\u0163iuni ale infractorilor. \u00a0Ace\u015fti nenoroci\u0163i de Ponta,Oprea \u015fi S\u00e2rbu \u00a0s-au f\u0103cut ofi\u0163eri acoperi\u0163i \u015fi iau informa\u0163ii de la colegi etc. \u00a0\u015fi practic\u0103 tot felul de nemernicii. \u00a0Numai pe timpul unui r\u0103zboi ar avea dreptul M.A.P.N.-ul s\u0103 introduc\u0103 ofi\u0163eri acoperi\u0163i. Asta spune legea european\u0103 \u015fi rom\u00e2n\u0103. \u00a0Ei, criminalii, \u00ee\u015fi fac de cap, preg\u0103tesc loviturile la institu\u0163iile statului \u015fi distrug rezerva de bani a statului cu alegeri sau suspend\u0103ri de pre\u015fedinte.<\/p><\/div>\n<div>\n<figure id=\"attachment_1456\" aria-describedby=\"caption-attachment-1456\" style=\"width: 533px\" class=\"wp-caption alignright\"><img loading=\"lazy\" decoding=\"async\" class=\"size-full wp-image-1456\" alt=\"Corneliu Dobri\u0163oiu, ministru al ap\u0103r\u0103rii, infractor \u015fi dezinformator TV\" src=\"http:\/\/www.editiespecialapress.ro\/wp\/wp-content\/uploads\/2014\/09\/Corneliu-dobritoiu-2.jpg\" width=\"533\" height=\"736\" srcset=\"https:\/\/www.editiespecialapress.ro\/newtest\/wp-content\/uploads\/2014\/09\/Corneliu-dobritoiu-2.jpg 533w, https:\/\/www.editiespecialapress.ro\/newtest\/wp-content\/uploads\/2014\/09\/Corneliu-dobritoiu-2-217x300.jpg 217w, https:\/\/www.editiespecialapress.ro\/newtest\/wp-content\/uploads\/2014\/09\/Corneliu-dobritoiu-2-150x207.jpg 150w, https:\/\/www.editiespecialapress.ro\/newtest\/wp-content\/uploads\/2014\/09\/Corneliu-dobritoiu-2-300x414.jpg 300w\" sizes=\"auto, (max-width: 533px) 100vw, 533px\" \/><figcaption id=\"caption-attachment-1456\" class=\"wp-caption-text\">Corneliu Dobri\u0163oiu, ministru al ap\u0103r\u0103rii, infractor \u015fi dezinformator TV<\/figcaption><\/figure>\n<p>To\u0163i directorii acestei Direc\u0163ii de Informa\u0163ii Militare M.A.P.N. \u00a0au \u00eencasat sume mari de bani de la ace\u015fti nemernici politruci,revolu\u0163ionari, jurnali\u015fti pentru a-i grada \u015fi pentru a le da misiuni cu dedica\u0163ie c\u0103tre diferite institu\u0163ii sau Societa\u0163i Comerciale. \u00a0Aceast\u0103 fiar\u0103, numit\u0103 Ponta, nu va participa la cursa peziden\u0163ial\u0103 \u00eentruc\u00e2t \u00eei vor fi date gradele jos \u015fi misiunile vor fi distruse de c\u0103tre organele de cercetare penal\u0103 militare (procurori).<\/p><\/div>\n<div><\/div>\n<div>\n<figure id=\"attachment_1457\" aria-describedby=\"caption-attachment-1457\" style=\"width: 420px\" class=\"wp-caption alignright\"><img loading=\"lazy\" decoding=\"async\" class=\"size-full wp-image-1457\" alt=\"Mircea Du\u015fa, ministru ap\u0103r\u0103rii, infractor cu mul\u0163i canguri acoperi\u0163i la Guvern, Camere, Senat\" src=\"http:\/\/www.editiespecialapress.ro\/wp\/wp-content\/uploads\/2014\/09\/mircea_dusa_420_280.jpg\" width=\"420\" height=\"280\" srcset=\"https:\/\/www.editiespecialapress.ro\/newtest\/wp-content\/uploads\/2014\/09\/mircea_dusa_420_280.jpg 420w, https:\/\/www.editiespecialapress.ro\/newtest\/wp-content\/uploads\/2014\/09\/mircea_dusa_420_280-300x200.jpg 300w, https:\/\/www.editiespecialapress.ro\/newtest\/wp-content\/uploads\/2014\/09\/mircea_dusa_420_280-150x100.jpg 150w\" sizes=\"auto, (max-width: 420px) 100vw, 420px\" \/><figcaption id=\"caption-attachment-1457\" class=\"wp-caption-text\">Mircea Du\u015fa, ministru ap\u0103r\u0103rii, infractor cu mul\u0163i canguri acoperi\u0163i la Guvern, Camere, Senat<\/figcaption><\/figure>\n<p>1.Solicit\u0103m s\u0103 li se verifice la Direc\u0163ia \u00a0de Informa\u0163ii Militare a M.A.P.N.-ului tuturor celor men\u0163iona\u0163i \u00een articol, precum \u015fi pe cei pe care \u00eei vor descoperi organele de cercetare penal\u0103 militare situa\u0163ia \u00een care se afl\u0103 acoperi\u0163ii de la Guvern (Ponta \u015fi Oprea), de la Camera Deputa\u0163ilor \u015fi Senat, s\u0103 dea explica\u0163ii cum au fost grada\u0163i f\u0103r\u0103 studii la Academia Militar\u0103 etc. \u015fi cum au cump\u0103rat diplomele de absolvire f\u0103r\u0103 a fi prezen\u0163i la cursuri \u015fi, bine\u00een\u0163eles, cum au putut fi acoperi\u0163i, nefiind instrui\u0163i sau neav\u00e2nd o vechime \u00een domeniul M.A.P.N.-ului necesar\u0103 acoperirii.<\/p><\/div>\n<div><\/div>\n<div>2. Solicit\u0103m verificarea tuturor intercept\u0103rilor celor men\u0163iona\u0163i \u00een articol \u015fi celor care vor fi descoperi\u0163i pe toate liniile de la locurile de munc\u0103, precum \u015fi cele mobile \u015fi stabilirea traseelor pentru a se stabili acest clan criminal organizat.<\/div>\n<div><\/div>\n<div>\n<figure id=\"attachment_1458\" aria-describedby=\"caption-attachment-1458\" style=\"width: 500px\" class=\"wp-caption alignright\"><img loading=\"lazy\" decoding=\"async\" class=\"size-full wp-image-1458\" alt=\"Gheroghe Savu, general locotenent infractor  cu 3000 de acoperi\u0163i\" src=\"http:\/\/www.editiespecialapress.ro\/wp\/wp-content\/uploads\/2014\/09\/Savu-Gheorghe.jpg\" width=\"500\" height=\"681\" srcset=\"https:\/\/www.editiespecialapress.ro\/newtest\/wp-content\/uploads\/2014\/09\/Savu-Gheorghe.jpg 500w, https:\/\/www.editiespecialapress.ro\/newtest\/wp-content\/uploads\/2014\/09\/Savu-Gheorghe-220x300.jpg 220w, https:\/\/www.editiespecialapress.ro\/newtest\/wp-content\/uploads\/2014\/09\/Savu-Gheorghe-150x204.jpg 150w, https:\/\/www.editiespecialapress.ro\/newtest\/wp-content\/uploads\/2014\/09\/Savu-Gheorghe-300x409.jpg 300w\" sizes=\"auto, (max-width: 500px) 100vw, 500px\" \/><figcaption id=\"caption-attachment-1458\" class=\"wp-caption-text\">Gheroghe Savu, general locotenent infractor cu 3000 de acoperi\u0163i<\/figcaption><\/figure>\n<p>3. Solicit\u0103m verific\u0103ri la Academia Militar\u0103, unde zic ei c\u0103 au participat la cursuri, dar noi \u015ftim sigur c\u0103 au cump\u0103rat diplomele de absolvire a Academiei Militare pe sute de mii de dolari pe \u00a0bucata de gradat (c\u0103pitan, maior, locotenent-colonel, general).<\/p><\/div>\n<div><\/div>\n<div>4. Solicit\u0103m autosesizarea B.E.C dup\u0103 toate verific\u0103rile efectuate de c\u0103tre procurorii militari ai D.N.A., precum \u015fi ai Parchetului Cur\u0163ii Militare Bucure\u015fti pentru a fi eliminat din cursa electoral\u0103, fictivul colonel acoperit Victor Viorel Ponta.<\/div>\n<div><\/div>\n<div>5. Solicit\u0103m arestarea acestora de \u00eendat\u0103 dup\u0103 o mic\u0103 verificare, \u00eentruc\u00e2t distrug institu\u0163iile statului, precum \u015fi pe \u015fefii institu\u0163iilor statului.<\/div>\n<div><\/div>\n<div>6. Solicit\u0103m autosesizarea din partea procurorului generalal D.N.A. Militar\u0103, precum \u015fi din partea procurorului general al Parchetului Cur\u0163ii Militare Bucure\u015fti.<\/div>\n<div><\/div>\n<div style=\"text-align: right;\"><strong>\u00a0Articol de Grigore Ionu\u0163. \u00a0<\/strong><\/div>\n","protected":false},"excerpt":{"rendered":"<p>Continu\u0103m \u00een aceast\u0103 edi\u0163ie cu cel mai mare cangur acoperit al Guvernului Rom\u00e2niei, Victor Viorel Ponta \u015fi cu \u015feful lui, Generalul frizer Gabriel Oprea, to\u0163i mini\u015ftrii ap\u0103r\u0103rii rom\u00e2ne, precum \u015fi directorii serviciilor M.A.P.N. care au luat sute de mii de dolari pe cap de c\u0103pitan, maior, locotenent-colonel, colonel, precum \u015fi cei de la Academie care [&hellip;]<\/p>\n","protected":false},"author":2,"featured_media":1444,"comment_status":"closed","ping_status":"open","sticky":false,"template":"","format":"standard","meta":{"footnotes":""},"categories":[2],"tags":[],"class_list":{"0":"post-1443","1":"post","2":"type-post","3":"status-publish","4":"format-standard","5":"has-post-thumbnail","7":"category-ancheta"},"_links":{"self":[{"href":"https:\/\/www.editiespecialapress.ro\/newtest\/wp-json\/wp\/v2\/posts\/1443","targetHints":{"allow":["GET"]}}],"collection":[{"href":"https:\/\/www.editiespecialapress.ro\/newtest\/wp-json\/wp\/v2\/posts"}],"about":[{"href":"https:\/\/www.editiespecialapress.ro\/newtest\/wp-json\/wp\/v2\/types\/post"}],"author":[{"embeddable":true,"href":"https:\/\/www.editiespecialapress.ro\/newtest\/wp-json\/wp\/v2\/users\/2"}],"replies":[{"embeddable":true,"href":"https:\/\/www.editiespecialapress.ro\/newtest\/wp-json\/wp\/v2\/comments?post=1443"}],"version-history":[{"count":0,"href":"https:\/\/www.editiespecialapress.ro\/newtest\/wp-json\/wp\/v2\/posts\/1443\/revisions"}],"wp:featuredmedia":[{"embeddable":true,"href":"https:\/\/www.editiespecialapress.ro\/newtest\/wp-json\/wp\/v2\/media\/1444"}],"wp:attachment":[{"href":"https:\/\/www.editiespecialapress.ro\/newtest\/wp-json\/wp\/v2\/media?parent=1443"}],"wp:term":[{"taxonomy":"category","embeddable":true,"href":"https:\/\/www.editiespecialapress.ro\/newtest\/wp-json\/wp\/v2\/categories?post=1443"},{"taxonomy":"post_tag","embeddable":true,"href":"https:\/\/www.editiespecialapress.ro\/newtest\/wp-json\/wp\/v2\/tags?post=1443"}],"curies":[{"name":"wp","href":"https:\/\/api.w.org\/{rel}","templated":true}]}}