{"id":1557,"date":"2014-10-19T21:56:18","date_gmt":"2014-10-19T21:56:18","guid":{"rendered":"http:\/\/www.editiespecialapress.ro\/?p=1557"},"modified":"2014-10-19T21:56:18","modified_gmt":"2014-10-19T21:56:18","slug":"colonelul-acoperit-victor-viorel-ponta-la-cele-doua-directii-s-i-e-si-d-g-i-a-a-primit-gradul-de-general-la-solicitarile-nato-pentru-trafic-de-informatii-secrete-de-stat-si-bineinteles-zeci-de-mi","status":"publish","type":"post","link":"https:\/\/www.editiespecialapress.ro\/newtest\/2014\/10\/19\/colonelul-acoperit-victor-viorel-ponta-la-cele-doua-directii-s-i-e-si-d-g-i-a-a-primit-gradul-de-general-la-solicitarile-nato-pentru-trafic-de-informatii-secrete-de-stat-si-bineinteles-zeci-de-mi\/","title":{"rendered":"Colonelul acoperit, Victor Viorel Ponta, la cele dou\u0103 direc\u0163ii S.I.E. \u015fi D.G.I.A. a primit gradul de general la solicit\u0103rile NATO pentru trafic de informa\u0163ii, secrete de stat \u015fi bine\u00een\u0163eles zeci de milioane de dolari la purt\u0103tor \u015fi pe viitor pu\u015fc\u0103riabil la Rahova, Jilava etc. precum \u015fi favorizatorii directori ai direc\u0163iilor men\u0163ionate mai sus \u015fi procurorii Cur\u0163ii Militare, D.N.A. Militar\u0103, care nu-l cerceteaz\u0103 pentru infrac\u0163iunile s\u0103v\u00e2r\u015fite \u015fi incompatibilitate la func\u0163ia de pre\u015fedinte al statului"},"content":{"rendered":"<p>Dragii no\u015ftri cititori, continu\u0103m \u00een aceast\u0103 edi\u0163ie cu domnul general acoperit, Victor Viorel Ponta, \u015feful Guvernului Rom\u00e2niei, candidatul caca la pre\u015fedin\u0163ie, spion la dou\u0103 direc\u0163ii de informa\u0163ii S.I.E. \u015fi D.G.I.A., \u00eentre anii 1997-2014.<\/p>\n<figure id=\"attachment_1564\" aria-describedby=\"caption-attachment-1564\" style=\"width: 298px\" class=\"wp-caption alignright\"><img loading=\"lazy\" decoding=\"async\" class=\"size-full wp-image-1564\" alt=\"Ponta, general acoperit, ravneste la functia de presedinte\" src=\"http:\/\/www.editiespecialapress.ro\/wp\/wp-content\/uploads\/2014\/10\/Ponta-general-acoperit-ravneste-la-functia-de-presedinte.jpg\" width=\"298\" height=\"169\" srcset=\"https:\/\/www.editiespecialapress.ro\/newtest\/wp-content\/uploads\/2014\/10\/Ponta-general-acoperit-ravneste-la-functia-de-presedinte.jpg 298w, https:\/\/www.editiespecialapress.ro\/newtest\/wp-content\/uploads\/2014\/10\/Ponta-general-acoperit-ravneste-la-functia-de-presedinte-150x85.jpg 150w\" sizes=\"auto, (max-width: 298px) 100vw, 298px\" \/><figcaption id=\"caption-attachment-1564\" class=\"wp-caption-text\">Ponta, general acoperit, ravneste la functia de presedinte<\/figcaption><\/figure>\n<p>Domnul general Victor Viorel Ponta este un turi-buri al Serviciilor, ling\u0103ul directorilor, at\u00e2t S.I.E. c\u00e2t \u015fi D.G.I.A.-M.A.P.N. \u00eenc\u0103 din anul 1997-2014, care \u015fi-a turnat at\u00e2t colegii lui de partid, de serviciu, precum \u015fi pe cei care \u00ee\u015fi f\u0103ceau datoria la locurile de munc\u0103, \u00een Europa, S.U.A. Acest jeg de premier acoperit de infractorul Ilie Boto\u015f, ex-director al Direc\u0163iei Generale de Informa\u0163ii a Ap\u0103r\u0103rii. \u00cen anul 2010, Ilie Boto\u015f a hot\u0103r\u00e2t s\u0103-l acopere pe colonelul asasin Victor Viorel Ponta \u015fi s\u0103-l foloseasc\u0103 s\u0103 intermedieze traficul de informa\u0163ii, precum \u015fi secrete de stat c\u0103tre NATO, etc.pe milioane de euro. La solicit\u0103rile NATO, a fost avansat la gradul de general al D.G.I.A. Domnul pre\u015fedinte B\u0103sescu i-a prezentat numai trecutul misiunilor la .S.I.E. \u015fi nu pe cele actuale, unde e acoperit cu gradul de general \u00een misiune.<\/p>\n<figure id=\"attachment_1562\" aria-describedby=\"caption-attachment-1562\" style=\"width: 264px\" class=\"wp-caption alignright\"><img loading=\"lazy\" decoding=\"async\" class=\"size-full wp-image-1562\" alt=\"Hapau Marian, director D.G.I.A., nu-l denunta pe Ponta-frica de Ilie Botos\" src=\"http:\/\/www.editiespecialapress.ro\/wp\/wp-content\/uploads\/2014\/10\/Hapau-Marian-director-D.G.I.A.-nu-l-denunta-pe-Ponta-frica-de-Ilie-Botos.jpg\" width=\"264\" height=\"340\" srcset=\"https:\/\/www.editiespecialapress.ro\/newtest\/wp-content\/uploads\/2014\/10\/Hapau-Marian-director-D.G.I.A.-nu-l-denunta-pe-Ponta-frica-de-Ilie-Botos.jpg 264w, https:\/\/www.editiespecialapress.ro\/newtest\/wp-content\/uploads\/2014\/10\/Hapau-Marian-director-D.G.I.A.-nu-l-denunta-pe-Ponta-frica-de-Ilie-Botos-233x300.jpg 233w, https:\/\/www.editiespecialapress.ro\/newtest\/wp-content\/uploads\/2014\/10\/Hapau-Marian-director-D.G.I.A.-nu-l-denunta-pe-Ponta-frica-de-Ilie-Botos-150x193.jpg 150w\" sizes=\"auto, (max-width: 264px) 100vw, 264px\" \/><figcaption id=\"caption-attachment-1562\" class=\"wp-caption-text\">Hapau Marian, director D.G.I.A., nu-l denunta pe Ponta-frica de Ilie Botos<\/figcaption><\/figure>\n<p>Actualul \u015fef al Direc\u0163iei Generale de Informa\u0163ii al Ap\u0103r\u0103rii, Marian H\u0103p\u0103u, un general maior de flori la mor\u0163i, nu a avut curajul s\u0103-l denun\u0163e pe domnul general Victor Viorel Ponta la pre\u015fedintele statului sau la procurorii care \u00eel cerceteaz\u0103 pe \u015fpag\u0103. Nemernicii de procurori militari, at\u00e2t ai Parchetului Cur\u0163ii Militare, precum \u015fi ai D.N.A. Militar\u0103, ascund aceste infrac\u0163iuni grave, comise de Ponta, generalul maior r\u0103posat, Marian H\u0103p\u0103u, care le-au luat \u015fpaga ca s\u0103 stea lini\u015fti\u0163i p\u00e2n\u0103 se limpezesc apele. Gnr Ponta, acoperit la Guvern \u015fi candidat la pre\u015fedin\u0163ie, nu a \u00een\u0163eles c\u0103 trebuie s\u0103 se predea \u00een fa\u0163a unor procurori necorup\u0163i \u015fi f\u0103r\u0103 fric\u0103, dar ace\u015ftia nu exist\u0103. Deci infractorul tupeist ,ca la cele 2 asasinate (procurorii colegii de-ai lui, omor\u00e2\u0163i de el), \u00ee\u015fi continu\u0103 misiunile at\u00e2t la Guvern, c\u00e2t \u015fi \u00eenchipuirile c\u0103tre Cotroceni. Are tupeul s\u0103 mearg\u0103 prin \u0163ar\u0103 \u015fi s\u0103 discute cu cet\u0103\u0163enii neinforma\u0163i pentru a-l vota ca pre\u015fedinte acoperit cu grad de gnr. Mai corup\u0163i \u015fi jego\u015fi procurori ca cei militari \u00een Rom\u00e2nia nu g\u0103se\u015fti! Nemernicii de procurori militari \u015ftiu c\u0103 Ponta este acoperit cu grad de general \u015fi are misiuni mizerabile, st\u0103 pe infrac\u0163iuni grave, mai ales c\u0103 \u015fi-a depus candidatura la B.E.C. Ace\u015ftia \u00eel acoper\u0103 \u00een continuare, neinform\u00e2nd instan\u0163a de judecat\u0103 , Curtea Militar\u0103 Bucure\u015fti, pentru a-l declara incompatibil pentru candidatura la pre\u015fedin\u0163ie. Procurorii militari \u00een mintea lor bolnav\u0103, cred c\u0103 noi nu \u015ftim ce fac ei zilnic \u015fi ce infrac\u0163iuni comit. Ei cred c\u0103 noi ne ocup\u0103m de v\u00e2nz\u0103ri sticle \u015fi borcane&#8230;<\/p>\n<figure id=\"attachment_1559\" aria-describedby=\"caption-attachment-1559\" style=\"width: 648px\" class=\"wp-caption alignright\"><img loading=\"lazy\" decoding=\"async\" class=\"size-full wp-image-1559\" alt=\"Catalin Harnagea, ex-director S.I.E. care l-a racolat pe Ponta\" src=\"http:\/\/www.editiespecialapress.ro\/wp\/wp-content\/uploads\/2014\/10\/Catalin-Harnagea-ex-director-S.I.E.-care-l-a-racolat-pe-Ponta.jpg\" width=\"648\" height=\"375\" srcset=\"https:\/\/www.editiespecialapress.ro\/newtest\/wp-content\/uploads\/2014\/10\/Catalin-Harnagea-ex-director-S.I.E.-care-l-a-racolat-pe-Ponta.jpg 648w, https:\/\/www.editiespecialapress.ro\/newtest\/wp-content\/uploads\/2014\/10\/Catalin-Harnagea-ex-director-S.I.E.-care-l-a-racolat-pe-Ponta-300x174.jpg 300w, https:\/\/www.editiespecialapress.ro\/newtest\/wp-content\/uploads\/2014\/10\/Catalin-Harnagea-ex-director-S.I.E.-care-l-a-racolat-pe-Ponta-150x87.jpg 150w\" sizes=\"auto, (max-width: 648px) 100vw, 648px\" \/><figcaption id=\"caption-attachment-1559\" class=\"wp-caption-text\">Catalin Harnagea, ex-director S.I.E. care l-a racolat pe Ponta<\/figcaption><\/figure>\n<p>C\u00e2nd a fost acoperit la .S.I.E., Ponta, am \u015ftiut p\u00e2n\u0103 s\u0103-l racoleze ex-directorul S.I.E., C\u0103t\u0103lin Harnagea. Ace\u015fti p\u0103c\u0103lici de la Direc\u0163ia Informa\u0163iei M.A.P.N. nu au \u015ftiut c\u0103 \u00eei vor lega al\u0163ii. Hodorogul de ex-director S.I.E. , Teodor Mele\u015fcanu, mai nenorocit ca to\u0163i directorii S.I.E. , a dezinformat \u015fi dezinformeaz\u0103 poporul c\u0103 el nu avea voie s\u0103 spun\u0103 pre\u015fedintelui statului dac\u0103 vreun candidat la pre\u015fedin\u0163ie a fost sau nu ofi\u0163er acoperit. Acest jurist colaborator al Securit\u0103\u0163ii Comuniste l-a favorizat pe Ponta la infrac\u0163iuni grave \u015fi va face pu\u015fc\u0103rie. \u00cei transmitem c\u0103 ofi\u0163erii acoperi\u0163i \u00een fruntea Guvernului, la D.G.I.A. \u015fi la .S.I.E. ca procuror, precum \u015fi candidat asasin la Cotroceni nu avea voie s\u0103 apar\u0103 \u00een asemenea institu\u0163ii: Guvern, Cotroceni sau Parchetul General. A\u015fa c\u0103 puteau s\u0103-l deconspire oric\u00e2nd pentru a nu merge cu el la pu\u015fc\u0103rie. Ce jocuri murdare au folosit ex-directorii S.I.E. \u015fi D.G.I.A.! Asasinul Ponta, ofi\u0163er acoperit cu grad de gnr la D.G.I.A. 2014, crede c\u0103 a aranjat cu ace\u015fti nemernici de procurori militari, care au luat \u015fp\u0103gu\u0163a, s\u0103 nu-l cerceteze sau s\u0103-l trimit\u0103 la Curtea Militar\u0103 pentru incompatibilitate \u00een ce prive\u015fte candidatura la Cotroceni. Cea mai mare corup\u0163ie total\u0103 am g\u0103sit-o la Parchetele Militare, precum \u015fi la D.N.A. Militar\u0103. Aceste jeguri corupte p\u00e2n\u0103 la celule s-au \u00eembog\u0103\u0163it din NUP-uri \u015fi clas\u00e2nd dosarele pe \u015fp\u0103gi de sute de mii de euro\/ bucata de dosar. Sunt mai uni\u0163i dec\u00e2t \u0163iganii! Au jurat c\u0103 se vor acoperi unul pe altul p\u00e2n\u0103 la arestare. Acest \u0163igan albanez , Ponta, e foarte periculos pentru to\u0163i cet\u0103\u0163enii Rom\u00e2niei. R\u00e2d PCR-i\u015fti PSD de Klaus Johannis c\u0103 \u00eei neam\u0163, dar le pred\u0103 lec\u0163ii de democra\u0163ie, corectitudine, seriozitate, profesionalism. Acest \u0163igan albanez a venit teleportat, ca un \u015foarice op\u0103rit, \u00een Rom\u00e2nia pentru a fi instruit de diferite servicii distruse \u015fi pentru a distruge bugetul de stat, a-\u015fi omor\u00ee colegii de serviciu etc. Nesp\u0103latul proste\u015fte poporul cu sonorul! A declarat la anumite trusturi de pres\u0103 c\u0103 noi suntem o pres\u0103 fascist\u0103 comunist\u0103. Prost\u0103vanul! , nici prin cap nu-i trece ce-l a\u015fteapt\u0103. Va fi dizolvat ca aspirina Bayer. de un complet de judecat\u0103.<\/p>\n<figure id=\"attachment_1563\" aria-describedby=\"caption-attachment-1563\" style=\"width: 580px\" class=\"wp-caption alignright\"><img loading=\"lazy\" decoding=\"async\" class=\"size-full wp-image-1563\" alt=\"Ilie Botos, ex-director D.G.I.A care l-a acoperit pe Ponta in 2010.\" src=\"http:\/\/www.editiespecialapress.ro\/wp\/wp-content\/uploads\/2014\/10\/Ilie-Botos-ex-director-D.G.I.A-care-l-a-acoperit-pe-Ponta-in-2010..jpg\" width=\"580\" height=\"323\" srcset=\"https:\/\/www.editiespecialapress.ro\/newtest\/wp-content\/uploads\/2014\/10\/Ilie-Botos-ex-director-D.G.I.A-care-l-a-acoperit-pe-Ponta-in-2010..jpg 580w, https:\/\/www.editiespecialapress.ro\/newtest\/wp-content\/uploads\/2014\/10\/Ilie-Botos-ex-director-D.G.I.A-care-l-a-acoperit-pe-Ponta-in-2010.-300x167.jpg 300w, https:\/\/www.editiespecialapress.ro\/newtest\/wp-content\/uploads\/2014\/10\/Ilie-Botos-ex-director-D.G.I.A-care-l-a-acoperit-pe-Ponta-in-2010.-150x84.jpg 150w\" sizes=\"auto, (max-width: 580px) 100vw, 580px\" \/><figcaption id=\"caption-attachment-1563\" class=\"wp-caption-text\">Ilie Botos, ex-director D.G.I.A care l-a acoperit pe Ponta in 2010.<\/figcaption><\/figure>\n<p>Av\u00e2nd totul pentru el, dar mai l\u0103s\u0103m procurorii militari s\u0103-l descarce de sute de mii de euro, at\u00e2t pe el, c\u00e2t \u015fi pe Ilie Boto\u015f \u015fi Marian H\u0103p\u0103u. Acestor directori D.G.I.A. le plac ofi\u0163erii acoperi\u0163i la Guvern \u015fi Cotroceni pentru a dicta \u015fi conduce Rom\u00e2nia cum vor ei. P\u00e2n\u0103 la aceast\u0103 or\u0103 procurorii nesim\u0163i\u0163i militari nu au luat nicio m\u0103sur\u0103 \u00eempotriva acestui nemernic gnr Ponta, a\u015fteapt\u0103 s\u0103 c\u00e2\u015ftige alegerile ca s\u0103 \u00eei dea misiuni la Cotroceni. Poporul obosit, stresat, fl\u0103m\u00e2nd de politruci, pe rom\u00e2ne\u015fte, a pus botul la Ponta c\u0103 le va \u00eembog\u0103\u0163i bugetul ( foamea). Ho\u0163omanul albanez-rom teleportat! Duc\u0103-se la \u0163iganii lui, \u00een Albania, nesp\u0103latul! F\u0103r\u0103 \u00eencredere \u00een gnr Nelu Ciobanu, \u015feful Parchetului Cur\u0163ii Militare Bucure\u015fti, \u015fi gnr Ion Alexandru, D.N.A. Militar\u0103, c\u0103 vor avea \u00een primul r\u00e2nd curajul s\u0103-l aresteze pe asasinul gnr acoperit Ponta, candidat la func\u0163ia de pre\u015fedinte al statului. Corup\u0163ia, banii, ordinele spun totul \u00een Rom\u00e2nia! Dar totu\u015fi s\u0103 solicit\u0103m d\u00e2n\u015filor s\u0103 se implice \u00een aceste grave infrac\u0163iuni comise de cei men\u0163iona\u0163i \u00een articol \u015fi s\u0103 ia m\u0103surile de urgen\u0163\u0103 \u00eempotriva procurorilor care \u00eel cerceteaz\u0103 pe Ponta \u015fi pe directorii Serviciilor etc. Le-am solicitat s\u0103 se autosesizeze pentru infrac\u0163iunile publicate \u00een edi\u0163iespecial\u0103press.ro ce-l reprezint\u0103 pe Ponta s.a.m.d.<\/p>\n<figure id=\"attachment_1561\" aria-describedby=\"caption-attachment-1561\" style=\"width: 815px\" class=\"wp-caption alignright\"><img loading=\"lazy\" decoding=\"async\" class=\"size-full wp-image-1561\" alt=\"Guvernul Romaniei condus de gnr acoperit Ponta\" src=\"http:\/\/www.editiespecialapress.ro\/wp\/wp-content\/uploads\/2014\/10\/Guvernul-Romaniei-condus-de-gnr-acoperit-Ponta.jpg\" width=\"815\" height=\"500\" srcset=\"https:\/\/www.editiespecialapress.ro\/newtest\/wp-content\/uploads\/2014\/10\/Guvernul-Romaniei-condus-de-gnr-acoperit-Ponta.jpg 815w, https:\/\/www.editiespecialapress.ro\/newtest\/wp-content\/uploads\/2014\/10\/Guvernul-Romaniei-condus-de-gnr-acoperit-Ponta-300x184.jpg 300w, https:\/\/www.editiespecialapress.ro\/newtest\/wp-content\/uploads\/2014\/10\/Guvernul-Romaniei-condus-de-gnr-acoperit-Ponta-768x471.jpg 768w, https:\/\/www.editiespecialapress.ro\/newtest\/wp-content\/uploads\/2014\/10\/Guvernul-Romaniei-condus-de-gnr-acoperit-Ponta-150x92.jpg 150w, https:\/\/www.editiespecialapress.ro\/newtest\/wp-content\/uploads\/2014\/10\/Guvernul-Romaniei-condus-de-gnr-acoperit-Ponta-696x427.jpg 696w\" sizes=\"auto, (max-width: 815px) 100vw, 815px\" \/><figcaption id=\"caption-attachment-1561\" class=\"wp-caption-text\">Guvernul Romaniei condus de gnr acoperit Ponta<\/figcaption><\/figure>\n<p>1. Solicit\u0103m \u015fefului sec\u0163iilor militare Bucure\u015fti s\u0103 intervin\u0103 \u00een acest caz \u015fi s\u0103 ia m\u0103surile legale de urgen\u0163\u0103.<\/p>\n<p>2. Solicit\u0103m \u015fefului statului s\u0103 solicite informa\u0163ii de la directorul D.G.I.A. pentru a se convinge \u00eenc\u0103 o data de Ponta \u015fi de directorii care \u00eel \u0163in ofi\u0163er acoperit la Guvern \u015fi \u00een special la pre\u015fedin\u0163ie.<\/p>\n<p>3. Solicit\u0103m C.S.M. s\u0103 ia m\u0103surile legale ce se impun \u00eempotriva procurorilor care \u00eel favorizeaz\u0103 pe Ponta \u015fi nu \u00eel trimite la Curtea Militar\u0103 pentru incompatibilitate pentru func\u0163ia de pre\u015fedinte.<\/p>\n<p>4. Solicit\u0103m autosesizarea din partea celor men\u0163iona\u0163i \u00een articol \u015fi care au competen\u0163a s\u0103 ia m\u0103surile legale.<\/p>\n<figure id=\"attachment_1560\" aria-describedby=\"caption-attachment-1560\" style=\"width: 400px\" class=\"wp-caption alignright\"><img loading=\"lazy\" decoding=\"async\" class=\"size-full wp-image-1560\" alt=\"D.N.A. , sediul infractorilor procurori militari\" src=\"http:\/\/www.editiespecialapress.ro\/wp\/wp-content\/uploads\/2014\/10\/D.N.A.-sediul-infractorilor-procurori-militari.jpg\" width=\"400\" height=\"439\" srcset=\"https:\/\/www.editiespecialapress.ro\/newtest\/wp-content\/uploads\/2014\/10\/D.N.A.-sediul-infractorilor-procurori-militari.jpg 400w, https:\/\/www.editiespecialapress.ro\/newtest\/wp-content\/uploads\/2014\/10\/D.N.A.-sediul-infractorilor-procurori-militari-273x300.jpg 273w, https:\/\/www.editiespecialapress.ro\/newtest\/wp-content\/uploads\/2014\/10\/D.N.A.-sediul-infractorilor-procurori-militari-150x165.jpg 150w, https:\/\/www.editiespecialapress.ro\/newtest\/wp-content\/uploads\/2014\/10\/D.N.A.-sediul-infractorilor-procurori-militari-300x329.jpg 300w\" sizes=\"auto, (max-width: 400px) 100vw, 400px\" \/><figcaption id=\"caption-attachment-1560\" class=\"wp-caption-text\">D.N.A. , sediul infractorilor procurori militari<\/figcaption><\/figure>\n<p style=\"text-align: right;\">\n<strong>Articol de <\/strong><br \/>\n<strong>Ionu\u0163 Constantin.<\/strong><\/p>\n","protected":false},"excerpt":{"rendered":"<p>Dragii no\u015ftri cititori, continu\u0103m \u00een aceast\u0103 edi\u0163ie cu domnul general acoperit, Victor Viorel Ponta, \u015feful Guvernului Rom\u00e2niei, candidatul caca la pre\u015fedin\u0163ie, spion la dou\u0103 direc\u0163ii de informa\u0163ii S.I.E. \u015fi D.G.I.A., \u00eentre anii 1997-2014. Domnul general Victor Viorel Ponta este un turi-buri al Serviciilor, ling\u0103ul directorilor, at\u00e2t S.I.E. c\u00e2t \u015fi D.G.I.A.-M.A.P.N. \u00eenc\u0103 din anul 1997-2014, care [&hellip;]<\/p>\n","protected":false},"author":2,"featured_media":1558,"comment_status":"closed","ping_status":"open","sticky":false,"template":"","format":"standard","meta":{"footnotes":""},"categories":[2],"tags":[],"class_list":{"0":"post-1557","1":"post","2":"type-post","3":"status-publish","4":"format-standard","5":"has-post-thumbnail","7":"category-ancheta"},"_links":{"self":[{"href":"https:\/\/www.editiespecialapress.ro\/newtest\/wp-json\/wp\/v2\/posts\/1557","targetHints":{"allow":["GET"]}}],"collection":[{"href":"https:\/\/www.editiespecialapress.ro\/newtest\/wp-json\/wp\/v2\/posts"}],"about":[{"href":"https:\/\/www.editiespecialapress.ro\/newtest\/wp-json\/wp\/v2\/types\/post"}],"author":[{"embeddable":true,"href":"https:\/\/www.editiespecialapress.ro\/newtest\/wp-json\/wp\/v2\/users\/2"}],"replies":[{"embeddable":true,"href":"https:\/\/www.editiespecialapress.ro\/newtest\/wp-json\/wp\/v2\/comments?post=1557"}],"version-history":[{"count":0,"href":"https:\/\/www.editiespecialapress.ro\/newtest\/wp-json\/wp\/v2\/posts\/1557\/revisions"}],"wp:featuredmedia":[{"embeddable":true,"href":"https:\/\/www.editiespecialapress.ro\/newtest\/wp-json\/wp\/v2\/media\/1558"}],"wp:attachment":[{"href":"https:\/\/www.editiespecialapress.ro\/newtest\/wp-json\/wp\/v2\/media?parent=1557"}],"wp:term":[{"taxonomy":"category","embeddable":true,"href":"https:\/\/www.editiespecialapress.ro\/newtest\/wp-json\/wp\/v2\/categories?post=1557"},{"taxonomy":"post_tag","embeddable":true,"href":"https:\/\/www.editiespecialapress.ro\/newtest\/wp-json\/wp\/v2\/tags?post=1557"}],"curies":[{"name":"wp","href":"https:\/\/api.w.org\/{rel}","templated":true}]}}