{"id":1624,"date":"2014-11-17T01:59:14","date_gmt":"2014-11-17T01:59:14","guid":{"rendered":"http:\/\/www.editiespecialapress.ro\/?p=1624"},"modified":"2014-11-17T01:59:14","modified_gmt":"2014-11-17T01:59:14","slug":"infractor-tudor-pendiuc-primarul-pitestiului-impreuna-cu-viceprimarul-cornel-constantin-ionica-infractor-fara-frica-secretarul-infractor-iosif-cerbureanul-si-toata-comisia-de-fond-funciar-a-primar","status":"publish","type":"post","link":"https:\/\/www.editiespecialapress.ro\/newtest\/2014\/11\/17\/infractor-tudor-pendiuc-primarul-pitestiului-impreuna-cu-viceprimarul-cornel-constantin-ionica-infractor-fara-frica-secretarul-infractor-iosif-cerbureanul-si-toata-comisia-de-fond-funciar-a-primar\/","title":{"rendered":"Infractor Tudor Pendiuc, primarul  Pite\u015ftiului \u00eempreun\u0103 cu viceprimarul Cornel Constantin Ionic\u0103, infractor f\u0103r\u0103 fric\u0103, secretarul infractor Iosif Cerbureanul \u015fi toat\u0103 comisia de fond funciar a Prim\u0103riei Pite\u015fti plus comisia de fond funciar a prefecturii Arge\u015f \u015fi prefec\u0163ii dintre anii 1995-2014 au \u00eempropiet\u0103rit  zeci de mii de proprietari fictivi pe terenurile mo\u015ftenitorilor de drept pe raza municipiului Pite\u015fti \u015fi le-au v\u00e2ndut  prin proprietarii fictivi pe bani grei"},"content":{"rendered":"<div dir=\"ltr\">\n<figure id=\"attachment_1636\" aria-describedby=\"caption-attachment-1636\" style=\"width: 646px\" class=\"wp-caption alignright\"><img loading=\"lazy\" decoding=\"async\" class=\"size-full wp-image-1636\" alt=\"Prefectul actual Mihai Oprescu, fiu de securist\" src=\"http:\/\/www.editiespecialapress.ro\/wp\/wp-content\/uploads\/2014\/11\/Prefectul-actual-Mihai-Oprescu-fiu-de-securist.jpg\" width=\"646\" height=\"404\" srcset=\"https:\/\/www.editiespecialapress.ro\/newtest\/wp-content\/uploads\/2014\/11\/Prefectul-actual-Mihai-Oprescu-fiu-de-securist.jpg 646w, https:\/\/www.editiespecialapress.ro\/newtest\/wp-content\/uploads\/2014\/11\/Prefectul-actual-Mihai-Oprescu-fiu-de-securist-300x188.jpg 300w, https:\/\/www.editiespecialapress.ro\/newtest\/wp-content\/uploads\/2014\/11\/Prefectul-actual-Mihai-Oprescu-fiu-de-securist-150x94.jpg 150w\" sizes=\"auto, (max-width: 646px) 100vw, 646px\" \/><figcaption id=\"caption-attachment-1636\" class=\"wp-caption-text\">Prefectul actual Mihai Oprescu, fiu de securist<\/figcaption><\/figure>\n<figure id=\"attachment_1627\" aria-describedby=\"caption-attachment-1627\" style=\"width: 400px\" class=\"wp-caption alignright\"><img loading=\"lazy\" decoding=\"async\" class=\"size-full wp-image-1627\" alt=\"Ex-prefect Cristian Soare, prostalau infractor\" src=\"http:\/\/www.editiespecialapress.ro\/wp\/wp-content\/uploads\/2014\/11\/Ex-prefect-Cristian-Soare-prostalau-infractor.jpg\" width=\"400\" height=\"300\" srcset=\"https:\/\/www.editiespecialapress.ro\/newtest\/wp-content\/uploads\/2014\/11\/Ex-prefect-Cristian-Soare-prostalau-infractor.jpg 400w, https:\/\/www.editiespecialapress.ro\/newtest\/wp-content\/uploads\/2014\/11\/Ex-prefect-Cristian-Soare-prostalau-infractor-300x225.jpg 300w, https:\/\/www.editiespecialapress.ro\/newtest\/wp-content\/uploads\/2014\/11\/Ex-prefect-Cristian-Soare-prostalau-infractor-150x113.jpg 150w\" sizes=\"auto, (max-width: 400px) 100vw, 400px\" \/><figcaption id=\"caption-attachment-1627\" class=\"wp-caption-text\">Ex-prefect Cristian Soare, prostalau infractor<\/figcaption><\/figure>\n<figure id=\"attachment_1629\" aria-describedby=\"caption-attachment-1629\" style=\"width: 450px\" class=\"wp-caption alignright\"><img loading=\"lazy\" decoding=\"async\" class=\"size-large wp-image-1629\" alt=\"Ex-prefect Ion Burnei, infractor impropietarit la greu de Tudor Pendiuc si cu mii de titluri de proprietate false\" src=\"http:\/\/www.editiespecialapress.ro\/wp\/wp-content\/uploads\/2014\/11\/Ex-prefect-Ion-Burnei-infractor-impropietarit-la-greu-de-Tudor-Pendiuc-si-cu-mii-de-titluri-de-proprietate-false-450x600.jpg\" width=\"450\" height=\"600\" \/><figcaption id=\"caption-attachment-1629\" class=\"wp-caption-text\">Ex-prefect Ion Burnei, infractor impropietarit la greu de Tudor Pendiuc si cu mii de titluri de proprietate false<\/figcaption><\/figure>\n<figure id=\"attachment_1628\" aria-describedby=\"caption-attachment-1628\" style=\"width: 328px\" class=\"wp-caption alignright\"><img loading=\"lazy\" decoding=\"async\" class=\"size-full wp-image-1628\" alt=\"Ex-prefect Gheorghe Davidescu, infractor mason\" src=\"http:\/\/www.editiespecialapress.ro\/wp\/wp-content\/uploads\/2014\/11\/Ex-prefect-Gheorghe-Davidescu-infractor-mason.jpg\" width=\"328\" height=\"437\" srcset=\"https:\/\/www.editiespecialapress.ro\/newtest\/wp-content\/uploads\/2014\/11\/Ex-prefect-Gheorghe-Davidescu-infractor-mason.jpg 328w, https:\/\/www.editiespecialapress.ro\/newtest\/wp-content\/uploads\/2014\/11\/Ex-prefect-Gheorghe-Davidescu-infractor-mason-225x300.jpg 225w, https:\/\/www.editiespecialapress.ro\/newtest\/wp-content\/uploads\/2014\/11\/Ex-prefect-Gheorghe-Davidescu-infractor-mason-150x200.jpg 150w, https:\/\/www.editiespecialapress.ro\/newtest\/wp-content\/uploads\/2014\/11\/Ex-prefect-Gheorghe-Davidescu-infractor-mason-300x400.jpg 300w\" sizes=\"auto, (max-width: 328px) 100vw, 328px\" \/><figcaption id=\"caption-attachment-1628\" class=\"wp-caption-text\">Ex-prefect Gheorghe Davidescu, infractor mason<\/figcaption><\/figure>\n<figure id=\"attachment_1630\" aria-describedby=\"caption-attachment-1630\" style=\"width: 318px\" class=\"wp-caption alignright\"><img loading=\"lazy\" decoding=\"async\" class=\"size-full wp-image-1630\" alt=\"Ex-prefect Proca Marcel, cel mai mare infractor abuziv\" src=\"http:\/\/www.editiespecialapress.ro\/wp\/wp-content\/uploads\/2014\/11\/Ex-prefect-Proca-Marcel-cel-mai-mare-infractor-abuziv.jpg\" width=\"318\" height=\"158\" srcset=\"https:\/\/www.editiespecialapress.ro\/newtest\/wp-content\/uploads\/2014\/11\/Ex-prefect-Proca-Marcel-cel-mai-mare-infractor-abuziv.jpg 318w, https:\/\/www.editiespecialapress.ro\/newtest\/wp-content\/uploads\/2014\/11\/Ex-prefect-Proca-Marcel-cel-mai-mare-infractor-abuziv-300x149.jpg 300w, https:\/\/www.editiespecialapress.ro\/newtest\/wp-content\/uploads\/2014\/11\/Ex-prefect-Proca-Marcel-cel-mai-mare-infractor-abuziv-150x75.jpg 150w\" sizes=\"auto, (max-width: 318px) 100vw, 318px\" \/><figcaption id=\"caption-attachment-1630\" class=\"wp-caption-text\">Ex-prefect Proca Marcel, cel mai mare infractor abuziv<\/figcaption><\/figure>\n<figure id=\"attachment_1631\" aria-describedby=\"caption-attachment-1631\" style=\"width: 800px\" class=\"wp-caption alignright\"><img loading=\"lazy\" decoding=\"async\" class=\"size-large wp-image-1631\" alt=\"Mr. Constantin Tamaga, prefect of the county of Arges\" src=\"http:\/\/www.editiespecialapress.ro\/wp\/wp-content\/uploads\/2014\/11\/Ex-prefect-tigan-de-Mozaceni-de-Arges-infractor-Tamaga-Constantin-800x521.jpg\" width=\"800\" height=\"521\" \/><figcaption id=\"caption-attachment-1631\" class=\"wp-caption-text\">Mr. Constantin Tamaga, prefect of the county of Arges<\/figcaption><\/figure>\n<figure id=\"attachment_1632\" aria-describedby=\"caption-attachment-1632\" style=\"width: 630px\" class=\"wp-caption alignright\"><img loading=\"lazy\" decoding=\"async\" class=\"size-full wp-image-1632\" alt=\"Ex-prefectul Constantin Nicolescu, infractor anuntat si de Ponta, pe Arena Nationala, ca-l va scapa de puscarie in ianuarie\" src=\"http:\/\/www.editiespecialapress.ro\/wp\/wp-content\/uploads\/2014\/11\/Ex-prefectul-Constantin-Nicolescu-infractor-anuntat-si-de-Ponta-pe-Arena-Nationala-ca-l-va-scapa-de-puscarie-in-ianuarie.jpg\" width=\"630\" height=\"418\" srcset=\"https:\/\/www.editiespecialapress.ro\/newtest\/wp-content\/uploads\/2014\/11\/Ex-prefectul-Constantin-Nicolescu-infractor-anuntat-si-de-Ponta-pe-Arena-Nationala-ca-l-va-scapa-de-puscarie-in-ianuarie.jpg 630w, https:\/\/www.editiespecialapress.ro\/newtest\/wp-content\/uploads\/2014\/11\/Ex-prefectul-Constantin-Nicolescu-infractor-anuntat-si-de-Ponta-pe-Arena-Nationala-ca-l-va-scapa-de-puscarie-in-ianuarie-300x199.jpg 300w, https:\/\/www.editiespecialapress.ro\/newtest\/wp-content\/uploads\/2014\/11\/Ex-prefectul-Constantin-Nicolescu-infractor-anuntat-si-de-Ponta-pe-Arena-Nationala-ca-l-va-scapa-de-puscarie-in-ianuarie-150x100.jpg 150w\" sizes=\"auto, (max-width: 630px) 100vw, 630px\" \/><figcaption id=\"caption-attachment-1632\" class=\"wp-caption-text\">Ex-prefectul Constantin Nicolescu, infractor anuntat si de Ponta, pe Arena Nationala, ca-l va scapa de puscarie in ianuarie<\/figcaption><\/figure>\n<figure id=\"attachment_1634\" aria-describedby=\"caption-attachment-1634\" style=\"width: 500px\" class=\"wp-caption alignright\"><img loading=\"lazy\" decoding=\"async\" class=\"size-full wp-image-1634\" alt=\"Ex-prefectul Popa Ion, infractor fara scrupule\" src=\"http:\/\/www.editiespecialapress.ro\/wp\/wp-content\/uploads\/2014\/11\/Ex-prefectul-Popa-Ion-infractor-fara-scrupule.jpg\" width=\"500\" height=\"331\" srcset=\"https:\/\/www.editiespecialapress.ro\/newtest\/wp-content\/uploads\/2014\/11\/Ex-prefectul-Popa-Ion-infractor-fara-scrupule.jpg 500w, https:\/\/www.editiespecialapress.ro\/newtest\/wp-content\/uploads\/2014\/11\/Ex-prefectul-Popa-Ion-infractor-fara-scrupule-300x199.jpg 300w, https:\/\/www.editiespecialapress.ro\/newtest\/wp-content\/uploads\/2014\/11\/Ex-prefectul-Popa-Ion-infractor-fara-scrupule-150x99.jpg 150w\" sizes=\"auto, (max-width: 500px) 100vw, 500px\" \/><figcaption id=\"caption-attachment-1634\" class=\"wp-caption-text\">Ex-prefectul Popa Ion, infractor fara scrupule<\/figcaption><\/figure>\n<figure id=\"attachment_1633\" aria-describedby=\"caption-attachment-1633\" style=\"width: 259px\" class=\"wp-caption alignright\"><img loading=\"lazy\" decoding=\"async\" class=\"size-full wp-image-1633\" alt=\"Ex-prefectul Ion Carstoiu, infractor desavarsit\" src=\"http:\/\/www.editiespecialapress.ro\/wp\/wp-content\/uploads\/2014\/11\/Ex-prefectul-Ion-Carstoiu-infractor-desavarsit.jpg\" width=\"259\" height=\"194\" srcset=\"https:\/\/www.editiespecialapress.ro\/newtest\/wp-content\/uploads\/2014\/11\/Ex-prefectul-Ion-Carstoiu-infractor-desavarsit.jpg 259w, https:\/\/www.editiespecialapress.ro\/newtest\/wp-content\/uploads\/2014\/11\/Ex-prefectul-Ion-Carstoiu-infractor-desavarsit-150x112.jpg 150w\" sizes=\"auto, (max-width: 259px) 100vw, 259px\" \/><figcaption id=\"caption-attachment-1633\" class=\"wp-caption-text\">Ex-prefectul Ion Carstoiu, infractor desavarsit<\/figcaption><\/figure>\n<figure id=\"attachment_1635\" aria-describedby=\"caption-attachment-1635\" style=\"width: 433px\" class=\"wp-caption alignright\"><img loading=\"lazy\" decoding=\"async\" class=\"size-full wp-image-1635\" alt=\"Ex-prefectul Teodorescu Catalin Florin\" src=\"http:\/\/www.editiespecialapress.ro\/wp\/wp-content\/uploads\/2014\/11\/Ex-prefectul-Teodorescu-Catalin-Florin.jpg\" width=\"433\" height=\"289\" srcset=\"https:\/\/www.editiespecialapress.ro\/newtest\/wp-content\/uploads\/2014\/11\/Ex-prefectul-Teodorescu-Catalin-Florin.jpg 433w, https:\/\/www.editiespecialapress.ro\/newtest\/wp-content\/uploads\/2014\/11\/Ex-prefectul-Teodorescu-Catalin-Florin-300x200.jpg 300w, https:\/\/www.editiespecialapress.ro\/newtest\/wp-content\/uploads\/2014\/11\/Ex-prefectul-Teodorescu-Catalin-Florin-150x100.jpg 150w\" sizes=\"auto, (max-width: 433px) 100vw, 433px\" \/><figcaption id=\"caption-attachment-1635\" class=\"wp-caption-text\">Ex-prefectul Teodorescu Catalin Florin<\/figcaption><\/figure>\n<p>Dragii no\u015ftri cititori, \u00a0continu\u0103m \u00een aceast\u0103 edi\u0163ie cu cele mai mari mizerii abuzive ale societ\u0103\u0163ii din toate timpurile, cei men\u0163iona\u0163i \u00een titlu, care cu mult tupeu au deposedat zeci de mii de mo\u015ftenitori de drept de pe raza municipiului Pite\u015fti, v\u00e2nz\u00e2ndu-le terenurile prin proprietarii fictivi, agonisind averi de zeci de miliarde de euro.<\/p>\n<\/div>\n<div dir=\"ltr\">Aceste dejec\u0163ii ale societ\u0103\u0163ii au \u00a0t\u00e2lh\u0103rit mii de proprietari de drept printr-o tehnic\u0103 pervers\u0103, nemai\u00eent\u00e2lnit\u0103. Gunoaiele societ\u0103\u0163ii, parazi\u0163ii poporului, au hot\u0103r\u00e2t \u00een tain\u0103 s\u0103-i distrug\u0103 pe to\u0163i cei care aveau mo\u015ftenirile de la p\u0103rin\u0163i, bunici. Stau bie\u0163ii oameni bolnavi, f\u0103r\u0103 tratament sau angaja\u0163i pe salarii de mizerie \u015fi nu \u015fi-au putut recupera mo\u015ftenirile din ghiara acestor scursuri ale societ\u0103\u0163ii. Unii chiar au murit de dor de p\u0103m\u00e2nt al p\u0103rin\u0163ilor sau al bunicilor. Se zbat bie\u0163ii cet\u0103\u0163eni \u00eentr-o s\u0103r\u0103cie lucie \u015fi ace\u015fti mon\u015ftrii ai Prim\u0103riei municipiului Pite\u015fti \u00a0se l\u0103f\u0103ie \u00een zeci de vile sau sute de apartamente cump\u0103rate \u015fi \u00eenchiriate at\u00e2t \u00een jude\u0163ul Arge\u015f, precum \u015fi \u00een alte jude\u0163e din \u0163ar\u0103 sau str\u0103in\u0103tate.<\/p>\n<figure id=\"attachment_1637\" aria-describedby=\"caption-attachment-1637\" style=\"width: 800px\" class=\"wp-caption alignright\"><img loading=\"lazy\" decoding=\"async\" class=\"size-large wp-image-1637\" alt=\"Case \u015fi cl\u0103diri ale firmelor construite pe terenul mostenitorului de drept din Cartierul  Craiovei, sensul giratoriu. V\u0103 \u00eenchipu\u0163i cu c\u00e2t au v\u00e2ndut ace\u015fti infractori de primar \u015fi prefec\u0163i terenurile!\" src=\"http:\/\/www.editiespecialapress.ro\/wp\/wp-content\/uploads\/2014\/11\/IMG_0857-800x600.jpg\" width=\"800\" height=\"600\" \/><figcaption id=\"caption-attachment-1637\" class=\"wp-caption-text\">Case \u015fi cl\u0103diri ale firmelor construite pe terenul mostenitorului de drept din Cartierul Craiovei, sensul giratoriu. V\u0103 \u00eenchipu\u0163i cu c\u00e2t au v\u00e2ndut ace\u015fti infractori de primar \u015fi prefec\u0163i terenurile!<\/figcaption><\/figure>\n<figure id=\"attachment_1638\" aria-describedby=\"caption-attachment-1638\" style=\"width: 800px\" class=\"wp-caption alignright\"><img loading=\"lazy\" decoding=\"async\" class=\"size-large wp-image-1638\" alt=\"Case \u015fi cl\u0103diri ale firmelor construite pe terenul mostenitorului de drept din Cartierul  Craiovei, sensul giratoriu. V\u0103 \u00eenchipu\u0163i cu c\u00e2t au v\u00e2ndut ace\u015fti infractori de primar \u015fi prefec\u0163i terenurile!\" src=\"http:\/\/www.editiespecialapress.ro\/wp\/wp-content\/uploads\/2014\/11\/IMG_0876-800x600.jpg\" width=\"800\" height=\"600\" \/><figcaption id=\"caption-attachment-1638\" class=\"wp-caption-text\">Case \u015fi cl\u0103diri ale firmelor construite pe terenul mostenitorului de drept din Cartierul Craiovei, sensul giratoriu. V\u0103 \u00eenchipu\u0163i cu c\u00e2t au v\u00e2ndut ace\u015fti infractori de primar \u015fi prefec\u0163i terenurile!<\/figcaption><\/figure>\n<figure id=\"attachment_1639\" aria-describedby=\"caption-attachment-1639\" style=\"width: 800px\" class=\"wp-caption alignright\"><img loading=\"lazy\" decoding=\"async\" class=\"size-large wp-image-1639\" alt=\"Case \u015fi cl\u0103diri ale firmelor construite pe terenul mostenitorului de drept din Cartierul  Craiovei, sensul giratoriu. V\u0103 \u00eenchipu\u0163i cu c\u00e2t au v\u00e2ndut ace\u015fti infractori de primar \u015fi prefec\u0163i terenurile!\" src=\"http:\/\/www.editiespecialapress.ro\/wp\/wp-content\/uploads\/2014\/11\/IMG_0878-800x600.jpg\" width=\"800\" height=\"600\" \/><figcaption id=\"caption-attachment-1639\" class=\"wp-caption-text\">Case \u015fi cl\u0103diri ale firmelor construite pe terenul mostenitorului de drept din Cartierul Craiovei, sensul giratoriu. V\u0103 \u00eenchipu\u0163i cu c\u00e2t au v\u00e2ndut ace\u015fti infractori de primar \u015fi prefec\u0163i terenurile!<\/figcaption><\/figure>\n<figure id=\"attachment_1640\" aria-describedby=\"caption-attachment-1640\" style=\"width: 800px\" class=\"wp-caption alignright\"><img loading=\"lazy\" decoding=\"async\" class=\"size-large wp-image-1640\" alt=\"Case \u015fi cl\u0103diri ale firmelor construite pe terenul mostenitorului de drept din Cartierul  Craiovei, sensul giratoriu. V\u0103 \u00eenchipu\u0163i cu c\u00e2t au v\u00e2ndut ace\u015fti infractori de primar \u015fi prefec\u0163i terenurile!\" src=\"http:\/\/www.editiespecialapress.ro\/wp\/wp-content\/uploads\/2014\/11\/IMG_0880-800x600.jpg\" width=\"800\" height=\"600\" \/><figcaption id=\"caption-attachment-1640\" class=\"wp-caption-text\">Case \u015fi cl\u0103diri ale firmelor construite pe terenul mostenitorului de drept din Cartierul Craiovei, sensul giratoriu. V\u0103 \u00eenchipu\u0163i cu c\u00e2t au v\u00e2ndut ace\u015fti infractori de primar \u015fi prefec\u0163i terenurile!<\/figcaption><\/figure>\n<figure id=\"attachment_1641\" aria-describedby=\"caption-attachment-1641\" style=\"width: 800px\" class=\"wp-caption alignright\"><img loading=\"lazy\" decoding=\"async\" class=\"size-large wp-image-1641\" alt=\"Case \u015fi cl\u0103diri ale firmelor construite pe terenul mostenitorului de drept din Cartierul  Craiovei, sensul giratoriu. V\u0103 \u00eenchipu\u0163i cu c\u00e2t au v\u00e2ndut ace\u015fti infractori de primar \u015fi prefec\u0163i terenurile!\" src=\"http:\/\/www.editiespecialapress.ro\/wp\/wp-content\/uploads\/2014\/11\/IMG_0885-800x600.jpg\" width=\"800\" height=\"600\" \/><figcaption id=\"caption-attachment-1641\" class=\"wp-caption-text\">Case \u015fi cl\u0103diri ale firmelor construite pe terenul mostenitorului de drept din Cartierul Craiovei, sensul giratoriu. V\u0103 \u00eenchipu\u0163i cu c\u00e2t au v\u00e2ndut ace\u015fti infractori de primar \u015fi prefec\u0163i terenurile!<\/figcaption><\/figure>\n<figure id=\"attachment_1642\" aria-describedby=\"caption-attachment-1642\" style=\"width: 800px\" class=\"wp-caption alignright\"><img loading=\"lazy\" decoding=\"async\" class=\"size-large wp-image-1642\" alt=\"Case \u015fi cl\u0103diri ale firmelor construite pe terenul mostenitorului de drept din Cartierul  Craiovei, sensul giratoriu. V\u0103 \u00eenchipu\u0163i cu c\u00e2t au v\u00e2ndut ace\u015fti infractori de primar \u015fi prefec\u0163i terenurile!\" src=\"http:\/\/www.editiespecialapress.ro\/wp\/wp-content\/uploads\/2014\/11\/IMG_0888-800x600.jpg\" width=\"800\" height=\"600\" \/><figcaption id=\"caption-attachment-1642\" class=\"wp-caption-text\">Case \u015fi cl\u0103diri ale firmelor construite pe terenul mostenitorului de drept din Cartierul Craiovei, sensul giratoriu. V\u0103 \u00eenchipu\u0163i cu c\u00e2t au v\u00e2ndut ace\u015fti infractori de primar \u015fi prefec\u0163i terenurile!<\/figcaption><\/figure>\n<figure id=\"attachment_1643\" aria-describedby=\"caption-attachment-1643\" style=\"width: 800px\" class=\"wp-caption alignright\"><img loading=\"lazy\" decoding=\"async\" class=\"size-large wp-image-1643\" alt=\"Terenul mostenitoarei de drept Joita Viorel pe care s-a  construit hotelul Duet\" src=\"http:\/\/www.editiespecialapress.ro\/wp\/wp-content\/uploads\/2014\/11\/Terenul-mostenitoarei-de-drept-Joita-Viorel-pe-care-s-a-construit-hotelul-Duet-800x532.jpg\" width=\"800\" height=\"532\" \/><figcaption id=\"caption-attachment-1643\" class=\"wp-caption-text\">Terenul mostenitoarei de drept Joita Viorel pe care s-a construit hotelul Duet<\/figcaption><\/figure>\n<\/div>\n<div dir=\"ltr\">Nu mai punem c\u0103 \u015fi-au pus copiii, neamurile s\u0103-\u015fi deschid\u0103 firme pentru a rula banii din \u015fp\u0103gile primite de la propietarii fictivi \u00eempropiet\u0103ri\u0163i cu zeci de mii de ha pe raza municipiului Pite\u015fti. Au venit la noi mii de victime care au fost t\u00e2lh\u0103rite de ace\u015fti nemernici, ne-au prezentat documente de mo\u015ftenitori ai p\u0103rin\u0163ilor sau ai bunicilor, erau distruse \u015fi obosite de at\u00e2tea audien\u0163e la Prim\u0103ria Pite\u015fti \u015fi Prefectura Arge\u015f. C\u00e2t tupeu au avut ace\u015fti infractori foarte periculo\u015fi: primarul \u00a0Pite\u015ftiului,Tudor Pendiuc, viceprimarul Cornel Constantin Ionic\u0103, secretarul Iosif Cerbureanul \u015fi ceilal\u0163i nenoroci\u0163i de la comisia de fond funciar a Prim\u0103riei Pite\u015fti. L\u0103comia duce la pu\u015fc\u0103rie \u015fi la pieire! \u00a0Cum mai pot fi ierta\u0163i ace\u015fti ordinari ai societ\u0103\u0163ii de miile de proprietari de drept \u015fi de Sf\u00e2ntul Dumnezeu?! \u00a0V\u0103 d\u0103m doar un mic exemplu de agonisire a \u00a0 bestiei Tudor Pendiuc.<\/div>\n<div dir=\"ltr\">\u00a0 \u015ei-a \u00eempropiet\u0103rit fratele din Bal\u015f, jude\u0163ul Dolj, cu sute de apartamente, zeci de case pe care le-a \u00eenchiriat \u015fi percep o chirie \u00eentre 300-1000 E\/lun\u0103. Bine\u00een\u0163eles c\u0103 a cump\u0103rat \u015fi \u00een Craiova \u015fi \u00een alte jude\u0163e ale \u0163\u0103rii , precum \u015fi \u00een capital\u0103 zeci de case \u015fi zeci de apartamente pe care le \u00eenchiriaz\u0103. Cu ani \u00een urm\u0103, tot Tudor Pendiuc a cump\u0103rat \u00een Sinaia 16 parcele de teren a c\u00e2te 1000 m fiecare parcel\u0103, dup\u0103 aceea a construit \u00a016 case \u00een 6 luni de zile \u015fi le-a \u00eenchiriat. O cuno\u015ftin\u0163\u0103 de-a noastr\u0103 i-a v\u00e2ndut 1000 mp. la Sinaia. \u00a0Tot Tudor Pendiuc \u015fi-a cump\u0103rat \u00een America o ferm\u0103 foarte scump\u0103 de zeci de milioane de euro. Nu mai punem zecile de milioane de euro prin conturi, at\u00e2t \u00een \u0163ar\u0103,precum \u015fi \u00een str\u0103in\u0103tate pe numele copiilor \u015fi a celor din neamul lui. A\u015fa \u00a0\u00ee\u015fi trage o dob\u00e2nd\u0103 lunar foarte mare. Numai ce-am putut ob\u0163ine informa\u0163ii p\u00e2n\u0103 la aceast\u0103 or\u0103 \u015fi ne-am ocupat de el foarte pu\u0163in. \u00a0Infractorul viceprimar, Ionic\u0103, a agonisit p\u0103m\u00e2nturi, spa\u0163ii comerciale, \u015fp\u0103gi de la managerii care le-au efectuat contractele, \u00eenchirierile de terenuri etc. \u00a0De\u0163ine multe spa\u0163ii, dar pe alte identit\u0103\u0163i, case apartamente la copiii \u015fi, tot a\u015fa, trecute pe mai multe nume ale celor din neamul lui. \u00a0Conturile sunt \u00eenc\u0103rcate cu zeci de milioane de euro, at\u00e2t cele ale copiilor, c\u00e2t \u015fi ale celor din neamul lui. Ce \u00eei mai trebuie acestui \u0163igan \u00eempu\u0163it? \u00a0\u00cei merg afacerile la Prim\u0103ria Pite\u015fti foarte bine, are mii de societ\u0103\u0163i comerciale care sunt servite de el la botul calului cu ceea ce \u00ee\u015fi dore\u015fte, percepe \u00a0o \u015fpag\u0103 gras\u0103 pentru facilit\u0103\u0163i.<\/div>\n<div dir=\"ltr\">Infractorul mizerabil, Iosif Cerbureanul, se ocup\u0103 numai de abuzuri, comunic\u00e2nd tuturor proprietarilor de drept (zeci de mii) numai comunic\u0103ri abuzive, scriindu-le c\u0103 nu se pot rezolva problemele lor \u015fi \u00eendrum\u00e2ndu-i s\u0103 se adreseze ANRP-ului sau instan\u0163elor de judecat\u0103, \u00eentruc\u00e2t ei nu mai au p\u0103m\u00e2nturile disponibile. Nu are curajul s\u0103 le spun\u0103 c\u0103 p\u0103m\u00e2nturile au fost pr\u0103duite de ei. Acest sclav al lui Tudor Pendiuc, Cerbureanu, \u00ee\u015fi primea \u015fp\u0103gu\u0163a chiar de la arestatul Tudor Pendiuc pentru c\u0103 \u00eel ajuta s\u0103 scape de mo\u015ftenitorii terenurilor, cre\u00e2nd diversiuni \u00een comunic\u0103ri. El e pe post de diversionist la Prim\u0103rie! \u015ei-a \u00a0tras \u015fi el multe spa\u0163ii comerciale de-ale Prim\u0103riei, \u00een Pite\u015fti, precum \u015fi multe ha de p\u0103m\u00e2nt, \u00eentr-un cuv\u00e2nt o duce foarte bine. \u00a0Din informa\u0163iile noastre a ajutat s\u0103 cumpere anumi\u0163i manageri terenurile pe care trebuiau s\u0103 le de\u0163in\u0103 \u00a0proprietarii de drept. \u00a0\u015ei-a agonisit o avere frumu\u015fic\u0103 de zeci de milioane de euro, acesta fiind \u015fi cel mai vechi la Prim\u0103rie. Au o tehnic\u0103 a lor de a \u0163ine banii \u015fi bunurile furate pe numele familiei, neamului, crez\u00e2nd c\u0103 nu vom ajunge s\u0103 verific\u0103m conturile, propriet\u0103\u0163ile etc. Ce b\u0103ie\u0163i de\u015ftep\u0163i sunt ei \u015fi ce fraieri suntem noi! Membrii comisiilor de fond funciar de la Prim\u0103ria Pite\u015fti \u015fi de la Prefectura Arge\u015f, \u00een frunte cu \u015fefii comisiilor,primarul Tudor Pendiuc \u015fi prefec\u0163ii din 1995-2014 : Constantin Nicolescu,Teodorescu Aurel, Toader Marin, Tamaga Constantin, Teodorescu C\u0103t\u0103lin Florin, C\u00e2rstoiu Ion, \u00a0Popa Ion, Proca Marcel, Davilescu Gheorghe, Cristian Soare, Mihai Adrian Oprescu \u015fi-au tras \u015fi ei \u015fp\u0103gi mari de la infractorul Pendiuc pentru a le aproba toate dosarele cu procesele verbale de punere \u00een posesie a zeci de mii de proprietari fictivi pe raza municipiului Pite\u015fti. Au eliberat r\u0103posa\u0163ii de prefec\u0163i zeci de mii de titluri de proprietate \u00a0false \u015fi s-au \u00eembog\u0103\u0163it f\u0103r\u0103 a ridica un pai. Mai ar\u0103t\u0103m c\u0103 obsedatul de terenuri ale proprietarilor, Tudor Pendiuc, a folosit un proprietar fictiv, sau doi, la cele zece ha \u00een cartierul Craiovei, la sensul giratoriu, variant\u0103 Prundu-R\u0103zboieni, la blocurile Turn, pe partea cu p\u00e2r\u00e2ul \u00a0\u015fi cu Lukoil-ul. V\u0103 cam \u00eenchipui\u0163i ce sum\u0103 se adun\u0103 la 10 ha, s\u0103 \u00eenmul\u0163im cu 500 E mp la cump\u0103r\u0103torii care \u015fi-au f\u0103cut case \u015fi firme. \u00a0Sunt zeci de case \u015fi firme pe \u00a0strada aceea \u015fi \u00eenchipui\u0163i-v\u0103 ce \u015fpag\u0103 \u015fi-a tras Tudor Pendiuc \u015fi ceilal\u0163i. Obsedatul de terenuri, Pendiuc, a mai v\u00e2ndut infractorului manager al S.C. Girexim \u00a0V\u0103sei \u015fi lui Oi\u0163\u0103-managerul S.C. Lactag etc. \u00eenc\u0103 7 ha a mo\u015ftenitorului Bodia Florin. \u00a0Acest teren se afl\u0103 \u00een zona arge\u015fean\u0103 Rolast, depozitul de mobil\u0103, din Nord, al Gireximului. I-a mai v\u00e2ndut terenul, 1000 mp, \u015fi mo\u015ftenitorului de drept Joi\u0163a Viorel, strada Rahovei, Pite\u015fti, unde se afl\u0103 hotelul &#8221;Duet&#8221;, cu 1500 E\/mp. \u00a0Am dat doar cel mai mic exemplu. Ace\u015fti proprietari de terenuri se chinuiesc \u015fi muncesc, av\u00e2nd un salariu de 700 lei\/lun\u0103 \u015fi b\u0103ie\u0163ii de\u015ftep\u0163i men\u0163iona\u0163i \u00een acest articol \u00a0se distreaz\u0103 pe banii lor. \u00a0Ace\u015ftia au mers la audien\u0163e din anul 1992, spun\u00e2ndu-le to\u0163i c\u0103 terenurile se afl\u0103 \u00een domeniul public \u015fi nu pot fi pu\u015fi \u00een posesie. Au mers \u015fi la to\u0163i prefec\u0163ii \u015fi au primit acela\u015fi r\u0103spuns. \u00a0Domnul ex-prefect Tamaga are cea mai \u00a0mare moar\u0103, brut\u0103rie, etc. din jude\u0163ul Arge\u015f la Topoloveni , dar jmechere\u015fte \u0163iganul ex-prefect l-a \u00eempropiet\u0103rit pe un vecin de \u00eencredere din comuna Moz\u0103ceni, jude\u0163ul Arge\u015f, cons\u0103tean de-al lui. Acest, chipurile manager, e un om de r\u00e2nd, nu a avut \u00a0\u015fi nu are bani ca s\u0103 fac\u0103 o asemenea fabric\u0103 de produse de panifica\u0163ie etc. \u00a0 Are 7 case \u00een ora\u015ful \u015etef\u0103ne\u015fti de Arge\u015f \u015fi nu mai punem mii de ha de terenuri pe raza jude\u0163ului Arge\u015f, dar nu pe numele lui, ci pe al fiului lui \u015fi neamului lui. C\u00e2t\u0103 \u015fpag\u0103 a primit acest \u0163igan de ex-prefect de Arge\u015f \u00een 4 ani nu va str\u00e2nge un manager cinstit o via\u0163\u0103. Ex-prefectul Gogu Davidescu \u00a0s-a \u00eembog\u0103\u0163it tot \u00een acest &#8221;stil de ciordeal\u0103&#8221;. To\u0163i ace\u015fti ciorditori de ex-prefec\u0163i \u00a0nu vor mai avea lini\u015fte \u015fi libertate pe viitor. E foarte greu s\u0103 stabile\u015fti zeci de mii de proprietari fictivi, dar nu e imposibil. Avem \u00eencredere \u00een DNA Pite\u015fti \u00a0c\u0103 va face tot ceea ce \u00eei st\u0103 \u00een putin\u0163\u0103. \u00a0Ex-prefectul Burnei are zeci de farmacii \u00een Pite\u015fti \u015fi bine\u00een\u0163eles 2 magazine cu mai multe etaje, construite pe doemniul public, vizavi de Spitalul Militar Pite\u015fti. Aceste terenuri erau \u00een domeniul public locuri de joac\u0103 pentru copiii etc. \u00a0Escrocul Burnei a avut tupeu s\u0103-i cear\u0103 obsedatului Pendiuc terenurile din domeniul public.Ex-prefectul Proca Marcel, infractor de meserie, a furat mo\u015ftenirea unui proprietar de drept vizavi de &#8221;Auchan&#8221;, s-a \u00eempropiet\u0103rit singur cu terenul (2 ha), \u015fi-a f\u0103cut tipografie, ziar, distribu\u0163ie, pres\u0103 etc.Am dat doar un mic exemplu cu unii dintre ace\u015fti infractori de ex-prefec\u0163i.<\/div>\n<div dir=\"ltr\"><\/div>\n<div dir=\"ltr\">\u00a01. Solicit\u0103m autosesizare din partea prim-procurorului DNA Pite\u015fti \u015fi \u00eenceperea cercet\u0103rilor \u00eempotriva celor men\u0163iona\u0163i \u00een articol \u015fi a celor care vor mai fi identifica\u0163i de la Comisia de Fond Funciar Pite\u015fti \u015fi Comisia de Fond Funciar a Prefecturii Arge\u015f.<\/div>\n<div dir=\"ltr\"><\/div>\n<div dir=\"ltr\">\u00a02. Solicit\u0103m verificarea tuturor intercept\u0103rilor din urm\u0103 \u015fi \u00een viitor, dup\u0103 efectuarea monitoriz\u0103rilor electronice, etc. verificarea lunar\u0103 a intercept\u0103rilor p\u00e2n\u0103 la trimiterea \u00een judecat\u0103, \u00eentruc\u00e2t legea permite aceasta. De efectuat traseele \u00a0tuturor infractorilor men\u0163iona\u0163i.<\/div>\n<div dir=\"ltr\"><\/div>\n<div dir=\"ltr\">3. Stabilirea cu exactitate a tuturor proprietarilor fictivi- zeci de mii.<\/div>\n<div dir=\"ltr\"><\/div>\n<div dir=\"ltr\">4. Solicit\u0103m \u015fi cercetarea \u015fefului de cadastru Pite\u015fti.<\/div>\n<div dir=\"ltr\"><\/div>\n<div dir=\"ltr\">5. Solicit\u0103m verificarea la fratele lui Tudor Pendiuc, la prim\u0103ria Bal\u015f \u015fi la prim\u0103ria Craiova etc. titlurilor de proprietate ale zecilor \u015fi sutelor de apartamente \u00eenregistrate pe numele lui la Prim\u0103ria Bal\u015f \u015fi \u00een alte jude\u0163e, plus capitala.<\/div>\n<div dir=\"ltr\"><\/div>\n<div dir=\"ltr\">6. Solicit\u0103m perchezi\u0163ii la domicliu infractorului Pendiuc 2 pentru a se g\u0103si toate documentele proprietarilor at\u00e2t din Dolj, precum \u015fi din alte jude\u0163e, plus America. Monitorizarea acestuia \u015fi verificarea intercept\u0103rilor din urm\u0103 \u015fi efectuarea traseelor.<\/div>\n<div dir=\"ltr\"><\/div>\n<div dir=\"ltr\">7. Solicit\u0103m pentru to\u0163i ex-prefec\u0163ii \u015fi pentru cei din Comisiile de Fond Funciar din Prim\u0103rie \u015fi Prefectur\u0103 verificarea averilor \u015fi conturilor \u015fi perchezi\u0163ii la domicilii.<\/div>\n<div dir=\"ltr\"><\/div>\n<div dir=\"ltr\" style=\"text-align: right;\"><strong>Articol de <\/strong><br \/>\n<strong>Costel Panaitescu<\/strong><\/div>\n","protected":false},"excerpt":{"rendered":"<p>Dragii no\u015ftri cititori, \u00a0continu\u0103m \u00een aceast\u0103 edi\u0163ie cu cele mai mari mizerii abuzive ale societ\u0103\u0163ii din toate timpurile, cei men\u0163iona\u0163i \u00een titlu, care cu mult tupeu au deposedat zeci de mii de mo\u015ftenitori de drept de pe raza municipiului Pite\u015fti, v\u00e2nz\u00e2ndu-le terenurile prin proprietarii fictivi, agonisind averi de zeci de miliarde de euro. Aceste dejec\u0163ii [&hellip;]<\/p>\n","protected":false},"author":2,"featured_media":1626,"comment_status":"closed","ping_status":"open","sticky":false,"template":"","format":"standard","meta":{"footnotes":""},"categories":[2],"tags":[],"class_list":{"0":"post-1624","1":"post","2":"type-post","3":"status-publish","4":"format-standard","5":"has-post-thumbnail","7":"category-ancheta"},"_links":{"self":[{"href":"https:\/\/www.editiespecialapress.ro\/newtest\/wp-json\/wp\/v2\/posts\/1624","targetHints":{"allow":["GET"]}}],"collection":[{"href":"https:\/\/www.editiespecialapress.ro\/newtest\/wp-json\/wp\/v2\/posts"}],"about":[{"href":"https:\/\/www.editiespecialapress.ro\/newtest\/wp-json\/wp\/v2\/types\/post"}],"author":[{"embeddable":true,"href":"https:\/\/www.editiespecialapress.ro\/newtest\/wp-json\/wp\/v2\/users\/2"}],"replies":[{"embeddable":true,"href":"https:\/\/www.editiespecialapress.ro\/newtest\/wp-json\/wp\/v2\/comments?post=1624"}],"version-history":[{"count":0,"href":"https:\/\/www.editiespecialapress.ro\/newtest\/wp-json\/wp\/v2\/posts\/1624\/revisions"}],"wp:featuredmedia":[{"embeddable":true,"href":"https:\/\/www.editiespecialapress.ro\/newtest\/wp-json\/wp\/v2\/media\/1626"}],"wp:attachment":[{"href":"https:\/\/www.editiespecialapress.ro\/newtest\/wp-json\/wp\/v2\/media?parent=1624"}],"wp:term":[{"taxonomy":"category","embeddable":true,"href":"https:\/\/www.editiespecialapress.ro\/newtest\/wp-json\/wp\/v2\/categories?post=1624"},{"taxonomy":"post_tag","embeddable":true,"href":"https:\/\/www.editiespecialapress.ro\/newtest\/wp-json\/wp\/v2\/tags?post=1624"}],"curies":[{"name":"wp","href":"https:\/\/api.w.org\/{rel}","templated":true}]}}