{"id":1686,"date":"2014-12-07T17:12:53","date_gmt":"2014-12-07T17:12:53","guid":{"rendered":"http:\/\/www.editiespecialapress.ro\/?p=1686"},"modified":"2014-12-07T17:12:53","modified_gmt":"2014-12-07T17:12:53","slug":"escrocii-televiziunii-romane-centrale-si-teritoriale-din-toata-tara-in-special-tvr-craiova-care-trimit-notificari-de-plata-in-grup-organizat-de-infractori-coordonator-cu-atributii-de-director-studi","status":"publish","type":"post","link":"https:\/\/www.editiespecialapress.ro\/newtest\/2014\/12\/07\/escrocii-televiziunii-romane-centrale-si-teritoriale-din-toata-tara-in-special-tvr-craiova-care-trimit-notificari-de-plata-in-grup-organizat-de-infractori-coordonator-cu-atributii-de-director-studi\/","title":{"rendered":"Escrocii televiziunii rom\u00e2ne centrale \u015fi teritoriale din toat\u0103 \u0163ara, \u00een special TVR Craiova, care trimit notific\u0103ri de plat\u0103 \u00een grup organizat de infractori: coordonator cu atribu\u0163ii de director Studio Teritorial Craiova, Anca Dindiric\u0103, coordonator Serviciu Economic Marketing, Aurelia Popescu, avocata infractoare Mihaela Zarz\u0103r\u0103 \u015fi Claudia Simion p\u0103c\u0103lesc poporul cu un tupeu de \u0163igan din Valea Ro\u015fie, Craiova, amenin\u0163\u00e2nd c\u0103 \u00eei vor executa pe to\u0163i cet\u0103\u0163enii Rom\u00e2niei, plus societ\u0103\u0163ile comerciale care nu au abonament la infractorii TVR, oblig\u00e2ndu-i s\u0103 pl\u0103teasc\u0103 taxa radio-TV"},"content":{"rendered":"<figure id=\"attachment_1694\" aria-describedby=\"caption-attachment-1694\" style=\"width: 635px\" class=\"wp-caption alignright\"><img loading=\"lazy\" decoding=\"async\" class=\"size-full wp-image-1694\" alt=\"Stelian Tanase,infractorul director general actual al TVR Bucuresti\" src=\"http:\/\/www.editiespecialapress.ro\/wp\/wp-content\/uploads\/2014\/12\/Stelian-Tanaseinfractorul-director-general-actual-al-TVR-Bucuresti.jpg\" width=\"635\" height=\"424\" srcset=\"https:\/\/www.editiespecialapress.ro\/newtest\/wp-content\/uploads\/2014\/12\/Stelian-Tanaseinfractorul-director-general-actual-al-TVR-Bucuresti.jpg 635w, https:\/\/www.editiespecialapress.ro\/newtest\/wp-content\/uploads\/2014\/12\/Stelian-Tanaseinfractorul-director-general-actual-al-TVR-Bucuresti-300x200.jpg 300w, https:\/\/www.editiespecialapress.ro\/newtest\/wp-content\/uploads\/2014\/12\/Stelian-Tanaseinfractorul-director-general-actual-al-TVR-Bucuresti-150x100.jpg 150w\" sizes=\"auto, (max-width: 635px) 100vw, 635px\" \/><figcaption id=\"caption-attachment-1694\" class=\"wp-caption-text\">Stelian Tanase,infractorul director general actual al TVR Bucuresti<\/figcaption><\/figure>\n<p>&nbsp;<\/p>\n<figure id=\"attachment_1691\" aria-describedby=\"caption-attachment-1691\" style=\"width: 225px\" class=\"wp-caption alignright\"><img loading=\"lazy\" decoding=\"async\" class=\"size-full wp-image-1691\" alt=\"Infractorul Nicolae Vacaroiu intre anii 1992-1996, jidan ordinar care a conceput escrocheria poporului roman cu taxa radio tv\" src=\"http:\/\/www.editiespecialapress.ro\/wp\/wp-content\/uploads\/2014\/12\/Infractorul-Nicolae-Vacaroiu-intre-anii-1992-1996-jidan-ordinar-care-a-conceput-escrocheria-poporului-roman-cu-taxa-radio-tv.jpeg\" width=\"225\" height=\"225\" srcset=\"https:\/\/www.editiespecialapress.ro\/newtest\/wp-content\/uploads\/2014\/12\/Infractorul-Nicolae-Vacaroiu-intre-anii-1992-1996-jidan-ordinar-care-a-conceput-escrocheria-poporului-roman-cu-taxa-radio-tv.jpeg 225w, https:\/\/www.editiespecialapress.ro\/newtest\/wp-content\/uploads\/2014\/12\/Infractorul-Nicolae-Vacaroiu-intre-anii-1992-1996-jidan-ordinar-care-a-conceput-escrocheria-poporului-roman-cu-taxa-radio-tv-150x150.jpeg 150w\" sizes=\"auto, (max-width: 225px) 100vw, 225px\" \/><figcaption id=\"caption-attachment-1691\" class=\"wp-caption-text\">Infractorul Nicolae Vacaroiu intre anii 1992-1996, jidan ordinar care a conceput escrocheria poporului roman cu taxa radio tv<\/figcaption><\/figure>\n<p>Dragii no\u015ftri cititori,continu\u0103m \u00een aceast\u0103 edi\u0163ie cu cei mai mari escroci ai televiziunii rom\u00e2ne, at\u00e2t cea central\u0103, c\u00e2t \u015fi celelalte teritoriale din \u0163ar\u0103 (\u00een special TVR Craiova) care trimit notific\u0103ri cu amenin\u0163\u0103ri de execut\u0103ri silite tuturor cet\u0103\u0163enilor Rom\u00e2niei \u015fi societ\u0103\u0163ilor comerciale din \u0163ar\u0103 care nu au abonament radio-tv \u015fi nu au nevoie de serviciile acestor infractori. Nu mai punem c\u0103 au executat silit oameni nevinova\u0163i \u015fi societ\u0103\u0163i comerciale-sute de mii- din ordinul directorului general al TVR Bucure\u015fti,de\u015fi ace\u015ftia nu aveau abonament radio-tv \u015fi nici nu aveau nevoie de serviciile lor mizerabile.<\/p>\n<figure id=\"attachment_1692\" aria-describedby=\"caption-attachment-1692\" style=\"width: 1280px\" class=\"wp-caption alignright\"><img loading=\"lazy\" decoding=\"async\" class=\"size-full wp-image-1692\" alt=\"Infractorul nr. 1 al Romaniei Victor Viorel Ponta primeste spaga grea de la actualul director  TVR  pentru  taxa  in factura cetatenilor Romaniei\" src=\"http:\/\/www.editiespecialapress.ro\/wp\/wp-content\/uploads\/2014\/12\/Infractorul-nr.-1-al-Romaniei-Victor-Viorel-Ponta-primeste-spaga-grea-de-la-actualul-director-TVR-pentru-taxa-in-factura-cetatenilor-Romaniei.jpg\" width=\"1280\" height=\"719\" srcset=\"https:\/\/www.editiespecialapress.ro\/newtest\/wp-content\/uploads\/2014\/12\/Infractorul-nr.-1-al-Romaniei-Victor-Viorel-Ponta-primeste-spaga-grea-de-la-actualul-director-TVR-pentru-taxa-in-factura-cetatenilor-Romaniei.jpg 1280w, https:\/\/www.editiespecialapress.ro\/newtest\/wp-content\/uploads\/2014\/12\/Infractorul-nr.-1-al-Romaniei-Victor-Viorel-Ponta-primeste-spaga-grea-de-la-actualul-director-TVR-pentru-taxa-in-factura-cetatenilor-Romaniei-300x169.jpg 300w, https:\/\/www.editiespecialapress.ro\/newtest\/wp-content\/uploads\/2014\/12\/Infractorul-nr.-1-al-Romaniei-Victor-Viorel-Ponta-primeste-spaga-grea-de-la-actualul-director-TVR-pentru-taxa-in-factura-cetatenilor-Romaniei-1024x575.jpg 1024w, https:\/\/www.editiespecialapress.ro\/newtest\/wp-content\/uploads\/2014\/12\/Infractorul-nr.-1-al-Romaniei-Victor-Viorel-Ponta-primeste-spaga-grea-de-la-actualul-director-TVR-pentru-taxa-in-factura-cetatenilor-Romaniei-768x431.jpg 768w, https:\/\/www.editiespecialapress.ro\/newtest\/wp-content\/uploads\/2014\/12\/Infractorul-nr.-1-al-Romaniei-Victor-Viorel-Ponta-primeste-spaga-grea-de-la-actualul-director-TVR-pentru-taxa-in-factura-cetatenilor-Romaniei-150x84.jpg 150w, https:\/\/www.editiespecialapress.ro\/newtest\/wp-content\/uploads\/2014\/12\/Infractorul-nr.-1-al-Romaniei-Victor-Viorel-Ponta-primeste-spaga-grea-de-la-actualul-director-TVR-pentru-taxa-in-factura-cetatenilor-Romaniei-696x391.jpg 696w, https:\/\/www.editiespecialapress.ro\/newtest\/wp-content\/uploads\/2014\/12\/Infractorul-nr.-1-al-Romaniei-Victor-Viorel-Ponta-primeste-spaga-grea-de-la-actualul-director-TVR-pentru-taxa-in-factura-cetatenilor-Romaniei-1068x600.jpg 1068w\" sizes=\"auto, (max-width: 1280px) 100vw, 1280px\" \/><figcaption id=\"caption-attachment-1692\" class=\"wp-caption-text\">Infractorul nr. 1 al Romaniei Victor Viorel Ponta primeste spaga grea de la actualul director TVR pentru taxa in factura cetatenilor Romaniei<\/figcaption><\/figure>\n<p>To\u0163i cet\u0103\u0163enii Rom\u00e2niei sunt escroca\u0163i de ace\u015fti nemernici ai televiziunii rom\u00e2ne \u015fi din toat\u0103 \u0163ara, invoc\u00e2nd Legea nr. 41\/1994, art. 40 din aceast\u0103 lege, pe care au ob\u0163inut-o pe o \u015fpag\u0103 mare de la Guverne \u00eenc\u0103 din anul 1994, republicat\u0103 cu modific\u0103rile \u015fi complet\u0103rile ulterioare, de\u015fi Curtea Constitu\u0163ional\u0103 a declarat Legea 41\/1999 neconstitu\u0163ional\u0103 mai multor societ\u0103\u0163i comerciale care s-au adresat cu pl\u00e2ngeri la C.C.R. Nu este posibil ca \u00een aceast\u0103 \u0163ar\u0103 s\u0103 pl\u0103te\u015fti abonamentul RCS&amp;RDS etc. \u015fi s\u0103 le pl\u0103te\u015fti din nou acestor infractori foarte periculo\u015fi ai TVR alt abonament cu dedica\u0163ie de la Guvernele dintre anii 1994-2014. To\u0163i infractorii Guvernelor dintre anii 1994-2014 primesc \u015fpag\u0103 lunar de la zdren\u0163ele televiziunii rom\u00e2ne, bani grei de la taxele introduse for\u0163at \u00een facturile de furnizare a energiei electrice,adic\u0103 un al doilea abonament f\u0103r\u0103 acceptul cet\u0103\u0163enilor Rom\u00e2niei \u015fi f\u0103r\u0103 a exista un contract semnat \u00eentre p\u0103r\u0163i \u015fi, ca \u00een cazul nostru, s\u0103 te pomene\u015fti cu o notificare de plat\u0103 de 742 lei, motiv\u00e2nd c\u0103 noi nu am pl\u0103tit taxa lunar\u0103 pentru serviciul public de televiziune; dar, totu\u015fi, ne-am mirat cum am sc\u0103pat de taxa radio, pe care de asemea trebuia s\u0103 ne-o bage cu for\u0163a pe g\u00e2t! Noi avem un contract de comodat, la sediu \u015fi redac\u0163ie, cu o persoan\u0103 care nu ne percepe nimic &#8211; chirie, utilit\u0103\u0163i, energie, orice &#8211; \u015fi nu avem nevoie de serviciile infractorilor. Ce ar mai fi s\u0103 facem abonamente \u015fi noi la ei s\u0103 pl\u0103tim infractorilor TVR \u015fi \u015fefilor Guvernelor \u015fpaga lunar\u0103! Ace\u015fti nemernici de la TVR Craiova nu \u015ftiu pe a cui m\u00e2n\u0103 au apucat, emi\u0163\u00e2nd notificarea nr.27597 din 24.11.2014, 2E1611 cu suma de 742 lei. Ne-au pus s\u0103 pl\u0103tim toate serviciile pe care ni le-au oferit de la \u00eenfiin\u0163area societ\u0103\u0163ii (escrocii!), spun\u00e2nd c\u0103 suntem obliga\u0163i prin Legea nr. 41\/1994, art.40. Dac\u0103 noi avem totul gratis prin contractul de comodat ce trebuia s\u0103 le mai pl\u0103tim escrocilor!?<\/p>\n<figure id=\"attachment_1693\" aria-describedby=\"caption-attachment-1693\" style=\"width: 480px\" class=\"wp-caption alignright\"><img loading=\"lazy\" decoding=\"async\" class=\"size-full wp-image-1693\" alt=\"Sediul infractorilor directori generali  de la TVR Bucuresti\" src=\"http:\/\/www.editiespecialapress.ro\/wp\/wp-content\/uploads\/2014\/12\/Sediul-infractorilor-directori-generali-de-la-TVR-Bucuresti.jpg\" width=\"480\" height=\"640\" srcset=\"https:\/\/www.editiespecialapress.ro\/newtest\/wp-content\/uploads\/2014\/12\/Sediul-infractorilor-directori-generali-de-la-TVR-Bucuresti.jpg 480w, https:\/\/www.editiespecialapress.ro\/newtest\/wp-content\/uploads\/2014\/12\/Sediul-infractorilor-directori-generali-de-la-TVR-Bucuresti-225x300.jpg 225w, https:\/\/www.editiespecialapress.ro\/newtest\/wp-content\/uploads\/2014\/12\/Sediul-infractorilor-directori-generali-de-la-TVR-Bucuresti-150x200.jpg 150w, https:\/\/www.editiespecialapress.ro\/newtest\/wp-content\/uploads\/2014\/12\/Sediul-infractorilor-directori-generali-de-la-TVR-Bucuresti-300x400.jpg 300w\" sizes=\"auto, (max-width: 480px) 100vw, 480px\" \/><figcaption id=\"caption-attachment-1693\" class=\"wp-caption-text\">Sediul infractorilor directori generali de la TVR Bucuresti<\/figcaption><\/figure>\n<p>Noi nu primim facturi de energie electric\u0103, prin care ar fi putut s\u0103 ne oblige s\u0103 pl\u0103tim abonamentul. Nici Legea nr. 41\/1994 nu te oblig\u0103 s\u0103 pl\u0103te\u015fti f\u0103r\u0103 s\u0103 ai un contract \u00eencheiat cu ei, de\u015fi specific\u0103 la art. 40 punctul 2, unde se arat\u0103 c\u0103 posesorii receptoarelor de radio \u015fi televiziune sunt obliga\u0163i s\u0103 pl\u0103teasc\u0103 o tax\u0103 de abonament c\u0103tre serviciile publice de radio difuziune \u015fi de televiziune, \u00een cazul nostru cel care ne-a f\u0103cut contractul de comodat e cel care le de\u0163ine. Acestei persoane care a f\u0103cut contractul de comodat cu noi i-au introdus \u00een factur\u0103, \u00een mod abuziv \u015fi f\u0103r\u0103 contract, suma de 20 lei la 2 luni, \u00eencep\u00e2nd cu anul 1994 p\u00e2n\u0103 \u00een 2014. La punctul 3 din acest art. 40 se mai arat\u0103 c\u0103 abonamentul se ob\u0163ine pe baza unei cereri tip care con\u0163ine \u015fi angajamentul de plat\u0103 al abonatului. Cererea aprobat\u0103 are caracterul unui act autentic ce constituie titlul executoriu \u015fi se execut\u0103 dup\u0103 aceea\u015fi procedur\u0103 ca \u015fi sumele datorate fiscului.<\/p>\n<figure id=\"attachment_1690\" aria-describedby=\"caption-attachment-1690\" style=\"width: 300px\" class=\"wp-caption alignright\"><img loading=\"lazy\" decoding=\"async\" class=\"size-full wp-image-1690\" alt=\"Infractoare escroaca diversionista la Legea nr. 41 din 1994, art. 40, Anca Dindirica  TVR Craiova\" src=\"http:\/\/www.editiespecialapress.ro\/wp\/wp-content\/uploads\/2014\/12\/Infractoare-escroaca-diversionista-la-Legea-nr.-41-din-1994-art.-40-Anca-Dindirica-TVR-Craiova.jpeg\" width=\"300\" height=\"298\" srcset=\"https:\/\/www.editiespecialapress.ro\/newtest\/wp-content\/uploads\/2014\/12\/Infractoare-escroaca-diversionista-la-Legea-nr.-41-din-1994-art.-40-Anca-Dindirica-TVR-Craiova.jpeg 300w, https:\/\/www.editiespecialapress.ro\/newtest\/wp-content\/uploads\/2014\/12\/Infractoare-escroaca-diversionista-la-Legea-nr.-41-din-1994-art.-40-Anca-Dindirica-TVR-Craiova-150x149.jpeg 150w\" sizes=\"auto, (max-width: 300px) 100vw, 300px\" \/><figcaption id=\"caption-attachment-1690\" class=\"wp-caption-text\">Infractoare escroaca diversionista la Legea nr. 41 din 1994, art. 40, Anca Dindirica TVR Craiova<\/figcaption><\/figure>\n<figure id=\"attachment_1689\" aria-describedby=\"caption-attachment-1689\" style=\"width: 400px\" class=\"wp-caption alignright\"><img loading=\"lazy\" decoding=\"async\" class=\"size-full wp-image-1689\" alt=\"Decedatul ex-director general al TVR, Dumitru Titus Popa , dintre anii 1994-1996\" src=\"http:\/\/www.editiespecialapress.ro\/wp\/wp-content\/uploads\/2014\/12\/Decedatul-ex-director-general-al-TVR-Dumitru-Titus-Popa-dintre-anii-1994-1996.jpg\" width=\"400\" height=\"300\" srcset=\"https:\/\/www.editiespecialapress.ro\/newtest\/wp-content\/uploads\/2014\/12\/Decedatul-ex-director-general-al-TVR-Dumitru-Titus-Popa-dintre-anii-1994-1996.jpg 400w, https:\/\/www.editiespecialapress.ro\/newtest\/wp-content\/uploads\/2014\/12\/Decedatul-ex-director-general-al-TVR-Dumitru-Titus-Popa-dintre-anii-1994-1996-300x225.jpg 300w, https:\/\/www.editiespecialapress.ro\/newtest\/wp-content\/uploads\/2014\/12\/Decedatul-ex-director-general-al-TVR-Dumitru-Titus-Popa-dintre-anii-1994-1996-150x113.jpg 150w\" sizes=\"auto, (max-width: 400px) 100vw, 400px\" \/><figcaption id=\"caption-attachment-1689\" class=\"wp-caption-text\">Decedatul ex-director general al TVR, Dumitru Titus Popa , dintre anii 1994-1996<\/figcaption><\/figure>\n<p>Din verific\u0103rile noastre, zeci de mii de cet\u0103\u0163eni care au fost \u00eentreba\u0163i au r\u0103spuns c\u0103 nu au contract cu vreun infractor de la radio sau TV, de\u015fi obliga\u0163ia lor prin lege era s\u0103 mearg\u0103 la fiecare cet\u0103\u0163ean s\u0103 fac\u0103 acel contract pentru radio difuziune \u015fi televiziune. Ei nu au f\u0103cut-o! Merg la negru din anul 1994 p\u00e2n\u0103 \u00een prezent, iau banii \u00een mod abuziv, \u00een\u015fel\u00e2nd to\u0163i cet\u0103\u0163enii Rom\u00e2niei , dau \u015fp\u0103gile Guvernelor \u015fi merg \u00eenainte cu aceast\u0103 tehnic\u0103 pervers\u0103 ordinar\u0103. Dac\u0103 s-ar duce la cet\u0103\u0163eni acas\u0103 s\u0103 le solicite semnarea contractelor ar fi b\u0103tu\u0163i ca pe timpuri, cu biciul!<\/p>\n<p>De c\u00e2nd \u00eei am\u00e2n\u0103m noi pe aceste scursuri ale societ\u0103\u0163ii rom\u00e2ne de la TVR&#8230; S\u0103 \u00eencepem joaca cu ei! De acum \u00eencolo vor fi cerceta\u0163i at\u00e2t escrocii mondiali ai TVR, precum \u015fi to\u0163i premierii infractori dintre anii 1994-2014, plus cei care au semnat ordonan\u0163ele de escrocare a \u00eentregului popor rom\u00e2n. Aceast\u0103 \u00een\u015fel\u0103ciune \u00een mas\u0103 \u00eempotriva poporului \u015fi a societ\u0103\u0163ilor comericale nu le va aduce dec\u00e2t ani grei de pu\u015fc\u0103rie. S\u0103 percepi lunar sau o dat\u0103 la 2 luni c\u00e2te 20 de lei pe cap de cet\u0103\u0163ean rom\u00e2n sau la milioanele de firme, v\u0103 \u00eenchipui\u0163i ce sum\u0103 se str\u00e2nge la ace\u015fti escroci mondiali din TVR \u015fi Guverne! Numai dac\u0103 \u00eenmul\u0163im 20 de milioane de rom\u00e2ni plus circa 2-3 milioane de firme cu 20 lei la 2 luni reies 4600 miliarde de lei vechi ( aprox.). Ace\u015fti bani au fost \u015fi sunt \u00eemp\u0103r\u0163i\u0163i \u00eentre directorii TVR \u015fi premieri,\u00eenc\u0103 din 1994 \u015fi p\u00e2n\u0103 \u00een prezent. Acest radio \u015fi TVR supravie\u0163uiesc din publicitate ca to\u0163i ceilal\u0163i din pres\u0103. Deci cum s\u0103 mai pl\u0103teasc\u0103 bie\u0163ii oameni \u015fi abonamentul escrocilor radio-tv \u015fi premierilor, \u00eentruc\u00e2t ei au contracte cu RCS&amp;RDS etc. pentru serviciile publice tv, internet etc. pe care le pl\u0103tesc lunar \u00eentre 50-100 lei. Aceast\u0103 \u015fmecherie cu taxa de radio TV \u00een factur\u0103, f\u0103r\u0103 contracte la to\u0163i cet\u0103\u0163enii Rom\u00e2niei a fost conceput\u0103 de escrocii PSD-PCR \u015fi continu\u0103 \u015fi alte partide politruce. Oricum am verificat tot ceea ce \u00eenseamn\u0103 documente la escrocii TVR Bucure\u015fti etc., monitoriz\u0103ri pentru \u015fpag\u0103 la Guverne p\u00e2n\u0103 la aceast\u0103 or\u0103. Escrocii TVR comit infrac\u0163iuni de toate na\u0163iile, se bucur\u0103 de incon\u015ftien\u0163a poporului \u015fi \u00een special ne fac pro\u015fti pe noi, sau retarda\u0163i, pentru c\u0103 nu au fost dovedi\u0163i p\u00e2n\u0103 la aceast\u0103 or\u0103. Promitem infractorilor TVR \u015fi premierilor dintre anii 1994-2014 monitoriz\u0103ri profesionale, dosare la gr\u0103mad\u0103 \u015fi pu\u015fc\u0103rie mult\u0103, precum \u015fi \u00eenapoierea banilor fiec\u0103rui cet\u0103\u0163ean escrocat al Rom\u00e2niei dintre anii 1994-2014. Din anul 1994 niciun procuror general nu s-a sesizat de aceste infrac\u0163iuni grave, l\u0103s\u00e2nd s\u0103 escrocheze poporul, chiar \u015fi pe ei!<\/p>\n<figure id=\"attachment_1688\" aria-describedby=\"caption-attachment-1688\" style=\"width: 3693px\" class=\"wp-caption alignright\"><img loading=\"lazy\" decoding=\"async\" class=\"size-full wp-image-1688\" alt=\"Banner-ul infractorilor\" src=\"http:\/\/www.editiespecialapress.ro\/wp\/wp-content\/uploads\/2014\/12\/Banner-ul-infractorilor.gif\" width=\"3693\" height=\"764\" \/><figcaption id=\"caption-attachment-1688\" class=\"wp-caption-text\">Banner-ul infractorilor<\/figcaption><\/figure>\n<p>1.Solicit\u0103m autosesizare din partea DNA Bucure\u015fti, precum \u015fi din partea prim-procurorului Parchetului de pe l\u00e2ng\u0103 Judec\u0103toria Craiova.<\/p>\n<p>2. Solicit\u0103m la to\u0163i infractorii pe care \u00eei ve\u0163i identifica de la Guverne \u015fi directorii TVR Bucure\u015fti,plus cei din \u0163ar\u0103 care apar\u0163in de TVR, verificarea intercept\u0103rilor din urm\u0103 precum \u015fi monitorizarea acestora p\u00e2n\u0103 la prinderea \u00een flagrant.<\/p>\n<p>3. Verificarea Legii nr. 41\/1994 art. 40 punctele 2 \u015fi 3.<\/p>\n<p>4. Verificarea tuturor documentelor din contabilit\u0103\u0163ile TVR Bucure\u015fti \u015fi teritoriale din \u0163ar\u0103, plus verificarea sumelor dintre anii 1994-2014 care au plecat spre premierii Guvernelor. Solicit\u0103m expertize contabile dintre anii 1994-2014.<\/p>\n<figure id=\"attachment_1700\" aria-describedby=\"caption-attachment-1700\" style=\"width: 1240px\" class=\"wp-caption aligncenter\"><img loading=\"lazy\" decoding=\"async\" class=\"size-full wp-image-1700\" alt=\"Notificarea de plata TVR Craiova \" src=\"http:\/\/www.editiespecialapress.ro\/wp\/wp-content\/uploads\/2014\/12\/Notificarea-de-plata-TVR-Craiova-_-Scanned-image-184-0.jpg\" width=\"1240\" height=\"1754\" srcset=\"https:\/\/www.editiespecialapress.ro\/newtest\/wp-content\/uploads\/2014\/12\/Notificarea-de-plata-TVR-Craiova-_-Scanned-image-184-0.jpg 1240w, https:\/\/www.editiespecialapress.ro\/newtest\/wp-content\/uploads\/2014\/12\/Notificarea-de-plata-TVR-Craiova-_-Scanned-image-184-0-212x300.jpg 212w, https:\/\/www.editiespecialapress.ro\/newtest\/wp-content\/uploads\/2014\/12\/Notificarea-de-plata-TVR-Craiova-_-Scanned-image-184-0-724x1024.jpg 724w, https:\/\/www.editiespecialapress.ro\/newtest\/wp-content\/uploads\/2014\/12\/Notificarea-de-plata-TVR-Craiova-_-Scanned-image-184-0-768x1086.jpg 768w, https:\/\/www.editiespecialapress.ro\/newtest\/wp-content\/uploads\/2014\/12\/Notificarea-de-plata-TVR-Craiova-_-Scanned-image-184-0-1086x1536.jpg 1086w, https:\/\/www.editiespecialapress.ro\/newtest\/wp-content\/uploads\/2014\/12\/Notificarea-de-plata-TVR-Craiova-_-Scanned-image-184-0-150x212.jpg 150w, https:\/\/www.editiespecialapress.ro\/newtest\/wp-content\/uploads\/2014\/12\/Notificarea-de-plata-TVR-Craiova-_-Scanned-image-184-0-300x424.jpg 300w, https:\/\/www.editiespecialapress.ro\/newtest\/wp-content\/uploads\/2014\/12\/Notificarea-de-plata-TVR-Craiova-_-Scanned-image-184-0-696x985.jpg 696w, https:\/\/www.editiespecialapress.ro\/newtest\/wp-content\/uploads\/2014\/12\/Notificarea-de-plata-TVR-Craiova-_-Scanned-image-184-0-1068x1511.jpg 1068w\" sizes=\"auto, (max-width: 1240px) 100vw, 1240px\" \/><figcaption id=\"caption-attachment-1700\" class=\"wp-caption-text\">Notificarea de plata TVR Craiova<\/figcaption><\/figure>\n<p style=\"text-align: right;\"><strong>Articol de <\/strong><br \/>\n<strong>Mihai Petrescu<\/strong><\/p>\n<p style=\"text-align: right;\"><strong>Data: 7. 12. 2014<\/strong><\/p>\n","protected":false},"excerpt":{"rendered":"<p>&nbsp; Dragii no\u015ftri cititori,continu\u0103m \u00een aceast\u0103 edi\u0163ie cu cei mai mari escroci ai televiziunii rom\u00e2ne, at\u00e2t cea central\u0103, c\u00e2t \u015fi celelalte teritoriale din \u0163ar\u0103 (\u00een special TVR Craiova) care trimit notific\u0103ri cu amenin\u0163\u0103ri de execut\u0103ri silite tuturor cet\u0103\u0163enilor Rom\u00e2niei \u015fi societ\u0103\u0163ilor comerciale din \u0163ar\u0103 care nu au abonament radio-tv \u015fi nu au nevoie de serviciile [&hellip;]<\/p>\n","protected":false},"author":2,"featured_media":1687,"comment_status":"closed","ping_status":"open","sticky":false,"template":"","format":"standard","meta":{"footnotes":""},"categories":[2],"tags":[],"class_list":{"0":"post-1686","1":"post","2":"type-post","3":"status-publish","4":"format-standard","5":"has-post-thumbnail","7":"category-ancheta"},"_links":{"self":[{"href":"https:\/\/www.editiespecialapress.ro\/newtest\/wp-json\/wp\/v2\/posts\/1686","targetHints":{"allow":["GET"]}}],"collection":[{"href":"https:\/\/www.editiespecialapress.ro\/newtest\/wp-json\/wp\/v2\/posts"}],"about":[{"href":"https:\/\/www.editiespecialapress.ro\/newtest\/wp-json\/wp\/v2\/types\/post"}],"author":[{"embeddable":true,"href":"https:\/\/www.editiespecialapress.ro\/newtest\/wp-json\/wp\/v2\/users\/2"}],"replies":[{"embeddable":true,"href":"https:\/\/www.editiespecialapress.ro\/newtest\/wp-json\/wp\/v2\/comments?post=1686"}],"version-history":[{"count":0,"href":"https:\/\/www.editiespecialapress.ro\/newtest\/wp-json\/wp\/v2\/posts\/1686\/revisions"}],"wp:featuredmedia":[{"embeddable":true,"href":"https:\/\/www.editiespecialapress.ro\/newtest\/wp-json\/wp\/v2\/media\/1687"}],"wp:attachment":[{"href":"https:\/\/www.editiespecialapress.ro\/newtest\/wp-json\/wp\/v2\/media?parent=1686"}],"wp:term":[{"taxonomy":"category","embeddable":true,"href":"https:\/\/www.editiespecialapress.ro\/newtest\/wp-json\/wp\/v2\/categories?post=1686"},{"taxonomy":"post_tag","embeddable":true,"href":"https:\/\/www.editiespecialapress.ro\/newtest\/wp-json\/wp\/v2\/tags?post=1686"}],"curies":[{"name":"wp","href":"https:\/\/api.w.org\/{rel}","templated":true}]}}