{"id":1740,"date":"2014-12-22T18:46:29","date_gmt":"2014-12-22T18:46:29","guid":{"rendered":"http:\/\/www.editiespecialapress.ro\/?p=1740"},"modified":"2014-12-22T18:46:29","modified_gmt":"2014-12-22T18:46:29","slug":"primarul-orasului-stefanestijud-arges-dorin-barbuceanu-si-angajatii-primariei","status":"publish","type":"post","link":"https:\/\/www.editiespecialapress.ro\/newtest\/2014\/12\/22\/primarul-orasului-stefanestijud-arges-dorin-barbuceanu-si-angajatii-primariei\/","title":{"rendered":"Primarul ora\u015fului \u015etef\u0103ne\u015fti,jud. Arge\u015f Dorin B\u0103rbuceanu, \u015fi angaja\u0163ii Prim\u0103riei"},"content":{"rendered":"<p style=\"text-align: right;\"><strong>Primarul ora\u015fului \u015etef\u0103ne\u015fti, jud. Arge\u015f<\/strong><br \/>\nDorin B\u0103rbuceanu, \u015fi angaja\u0163ii Prim\u0103riei<\/p>\n","protected":false},"excerpt":{"rendered":"<p>Primarul ora\u015fului \u015etef\u0103ne\u015fti, jud. Arge\u015f Dorin B\u0103rbuceanu, \u015fi angaja\u0163ii Prim\u0103riei<\/p>\n","protected":false},"author":2,"featured_media":1741,"comment_status":"closed","ping_status":"open","sticky":false,"template":"","format":"standard","meta":{"footnotes":""},"categories":[4],"tags":[],"class_list":{"0":"post-1740","1":"post","2":"type-post","3":"status-publish","4":"format-standard","5":"has-post-thumbnail","7":"category-felicitari"},"_links":{"self":[{"href":"https:\/\/www.editiespecialapress.ro\/newtest\/wp-json\/wp\/v2\/posts\/1740","targetHints":{"allow":["GET"]}}],"collection":[{"href":"https:\/\/www.editiespecialapress.ro\/newtest\/wp-json\/wp\/v2\/posts"}],"about":[{"href":"https:\/\/www.editiespecialapress.ro\/newtest\/wp-json\/wp\/v2\/types\/post"}],"author":[{"embeddable":true,"href":"https:\/\/www.editiespecialapress.ro\/newtest\/wp-json\/wp\/v2\/users\/2"}],"replies":[{"embeddable":true,"href":"https:\/\/www.editiespecialapress.ro\/newtest\/wp-json\/wp\/v2\/comments?post=1740"}],"version-history":[{"count":0,"href":"https:\/\/www.editiespecialapress.ro\/newtest\/wp-json\/wp\/v2\/posts\/1740\/revisions"}],"wp:featuredmedia":[{"embeddable":true,"href":"https:\/\/www.editiespecialapress.ro\/newtest\/wp-json\/"}],"wp:attachment":[{"href":"https:\/\/www.editiespecialapress.ro\/newtest\/wp-json\/wp\/v2\/media?parent=1740"}],"wp:term":[{"taxonomy":"category","embeddable":true,"href":"https:\/\/www.editiespecialapress.ro\/newtest\/wp-json\/wp\/v2\/categories?post=1740"},{"taxonomy":"post_tag","embeddable":true,"href":"https:\/\/www.editiespecialapress.ro\/newtest\/wp-json\/wp\/v2\/tags?post=1740"}],"curies":[{"name":"wp","href":"https:\/\/api.w.org\/{rel}","templated":true}]}}