{"id":1760,"date":"2014-12-22T19:04:02","date_gmt":"2014-12-22T19:04:02","guid":{"rendered":"http:\/\/www.editiespecialapress.ro\/?p=1760"},"modified":"2014-12-22T19:04:02","modified_gmt":"2014-12-22T19:04:02","slug":"primarul-comunei-poiana-lacului-jud-arges-dumitrache-ion-si-angajatii-primarie","status":"publish","type":"post","link":"https:\/\/www.editiespecialapress.ro\/newtest\/2014\/12\/22\/primarul-comunei-poiana-lacului-jud-arges-dumitrache-ion-si-angajatii-primarie\/","title":{"rendered":"Primarul comunei Poiana Lacului, jud. Arge\u015f, Dumitrache Ion, \u015fi angaja\u0163ii Prim\u0103rie"},"content":{"rendered":"<p style=\"text-align: right;\"><strong>Primarul comunei Poiana Lacului, jud. Arge\u015f, <\/strong><br \/>\n<strong>Dumitrache Ion, \u015fi angaja\u0163ii Prim\u0103rie<\/strong><\/p>\n","protected":false},"excerpt":{"rendered":"<p>Primarul comunei Poiana Lacului, jud. Arge\u015f, Dumitrache Ion, \u015fi angaja\u0163ii Prim\u0103rie<\/p>\n","protected":false},"author":2,"featured_media":1761,"comment_status":"closed","ping_status":"open","sticky":false,"template":"","format":"standard","meta":{"footnotes":""},"categories":[4],"tags":[],"class_list":{"0":"post-1760","1":"post","2":"type-post","3":"status-publish","4":"format-standard","5":"has-post-thumbnail","7":"category-felicitari"},"_links":{"self":[{"href":"https:\/\/www.editiespecialapress.ro\/newtest\/wp-json\/wp\/v2\/posts\/1760","targetHints":{"allow":["GET"]}}],"collection":[{"href":"https:\/\/www.editiespecialapress.ro\/newtest\/wp-json\/wp\/v2\/posts"}],"about":[{"href":"https:\/\/www.editiespecialapress.ro\/newtest\/wp-json\/wp\/v2\/types\/post"}],"author":[{"embeddable":true,"href":"https:\/\/www.editiespecialapress.ro\/newtest\/wp-json\/wp\/v2\/users\/2"}],"replies":[{"embeddable":true,"href":"https:\/\/www.editiespecialapress.ro\/newtest\/wp-json\/wp\/v2\/comments?post=1760"}],"version-history":[{"count":0,"href":"https:\/\/www.editiespecialapress.ro\/newtest\/wp-json\/wp\/v2\/posts\/1760\/revisions"}],"wp:featuredmedia":[{"embeddable":true,"href":"https:\/\/www.editiespecialapress.ro\/newtest\/wp-json\/"}],"wp:attachment":[{"href":"https:\/\/www.editiespecialapress.ro\/newtest\/wp-json\/wp\/v2\/media?parent=1760"}],"wp:term":[{"taxonomy":"category","embeddable":true,"href":"https:\/\/www.editiespecialapress.ro\/newtest\/wp-json\/wp\/v2\/categories?post=1760"},{"taxonomy":"post_tag","embeddable":true,"href":"https:\/\/www.editiespecialapress.ro\/newtest\/wp-json\/wp\/v2\/tags?post=1760"}],"curies":[{"name":"wp","href":"https:\/\/api.w.org\/{rel}","templated":true}]}}