{"id":1763,"date":"2014-12-22T19:05:30","date_gmt":"2014-12-22T19:05:30","guid":{"rendered":"http:\/\/www.editiespecialapress.ro\/?p=1763"},"modified":"2014-12-22T19:05:30","modified_gmt":"2014-12-22T19:05:30","slug":"primarul-comunei-pietrosani-jud-arges-patru-eugeniu-si-angajatii-primariei","status":"publish","type":"post","link":"https:\/\/www.editiespecialapress.ro\/newtest\/2014\/12\/22\/primarul-comunei-pietrosani-jud-arges-patru-eugeniu-si-angajatii-primariei\/","title":{"rendered":"Primarul comunei Pietro\u015fani, jud. Arge\u015f, P\u0103tru Eugeniu, \u015fi angaja\u0163ii Prim\u0103riei"},"content":{"rendered":"<p style=\"text-align: left;\">At\u00e2t \u00een noaptea de Cr\u0103ciun c\u00e2t \u015fi pentru tot restul vie\u0163ii bl\u00e2ndul Iisus s\u0103 v\u0103 strecoare \u00een suflet c\u0103ldur\u0103, iubire, pace \u015fi puterea de a trece peste tot ce este r\u0103u \u00een lumea asta. Cr\u0103ciun fericit!<\/p>\n<p style=\"text-align: right;\"><strong>Primarul comunei Pietro\u015fani, jud. Arge\u015f,<br \/>\nP\u0103tru Eugeniu, \u015fi angaja\u0163ii Prim\u0103riei<\/strong><\/p>\n","protected":false},"excerpt":{"rendered":"<p>At\u00e2t \u00een noaptea de Cr\u0103ciun c\u00e2t \u015fi pentru tot restul vie\u0163ii bl\u00e2ndul Iisus s\u0103 v\u0103 strecoare \u00een suflet c\u0103ldur\u0103, iubire, pace \u015fi puterea de a trece peste tot ce este r\u0103u \u00een lumea asta. Cr\u0103ciun fericit! Primarul comunei Pietro\u015fani, jud. Arge\u015f, P\u0103tru Eugeniu, \u015fi angaja\u0163ii Prim\u0103riei<\/p>\n","protected":false},"author":2,"featured_media":1764,"comment_status":"closed","ping_status":"open","sticky":false,"template":"","format":"standard","meta":{"footnotes":""},"categories":[4],"tags":[],"class_list":{"0":"post-1763","1":"post","2":"type-post","3":"status-publish","4":"format-standard","5":"has-post-thumbnail","7":"category-felicitari"},"_links":{"self":[{"href":"https:\/\/www.editiespecialapress.ro\/newtest\/wp-json\/wp\/v2\/posts\/1763","targetHints":{"allow":["GET"]}}],"collection":[{"href":"https:\/\/www.editiespecialapress.ro\/newtest\/wp-json\/wp\/v2\/posts"}],"about":[{"href":"https:\/\/www.editiespecialapress.ro\/newtest\/wp-json\/wp\/v2\/types\/post"}],"author":[{"embeddable":true,"href":"https:\/\/www.editiespecialapress.ro\/newtest\/wp-json\/wp\/v2\/users\/2"}],"replies":[{"embeddable":true,"href":"https:\/\/www.editiespecialapress.ro\/newtest\/wp-json\/wp\/v2\/comments?post=1763"}],"version-history":[{"count":0,"href":"https:\/\/www.editiespecialapress.ro\/newtest\/wp-json\/wp\/v2\/posts\/1763\/revisions"}],"wp:featuredmedia":[{"embeddable":true,"href":"https:\/\/www.editiespecialapress.ro\/newtest\/wp-json\/"}],"wp:attachment":[{"href":"https:\/\/www.editiespecialapress.ro\/newtest\/wp-json\/wp\/v2\/media?parent=1763"}],"wp:term":[{"taxonomy":"category","embeddable":true,"href":"https:\/\/www.editiespecialapress.ro\/newtest\/wp-json\/wp\/v2\/categories?post=1763"},{"taxonomy":"post_tag","embeddable":true,"href":"https:\/\/www.editiespecialapress.ro\/newtest\/wp-json\/wp\/v2\/tags?post=1763"}],"curies":[{"name":"wp","href":"https:\/\/api.w.org\/{rel}","templated":true}]}}