{"id":1772,"date":"2014-12-22T19:23:29","date_gmt":"2014-12-22T19:23:29","guid":{"rendered":"http:\/\/www.editiespecialapress.ro\/?p=1772"},"modified":"2014-12-22T19:23:29","modified_gmt":"2014-12-22T19:23:29","slug":"primarul-comunei-lunca-corbului-jud-arges-gheorghe-dragan-si-angajatii-primariei","status":"publish","type":"post","link":"https:\/\/www.editiespecialapress.ro\/newtest\/2014\/12\/22\/primarul-comunei-lunca-corbului-jud-arges-gheorghe-dragan-si-angajatii-primariei\/","title":{"rendered":"Primarul comunei Lunca Corbului, jud. Arge\u015f, Gheorghe Dr\u0103gan, \u015fi angaja\u0163ii Prim\u0103riei"},"content":{"rendered":"<p style=\"text-align: left;\">\u00a0E vremea colindelor \u015fi a bucuriei, c\u00e2nd minunea Na\u015fterii M\u00e2ntuitorului cuprinde sufletele \u015fi le \u00eennobileaz\u0103. Cr\u0103ciun fericit!<\/p>\n<p style=\"text-align: right;\"><strong>Primarul comunei Lunca Corbului, jud. Arge\u015f,<br \/>\nGheorghe Dr\u0103gan, \u015fi angaja\u0163ii Prim\u0103riei<\/strong><\/p>\n","protected":false},"excerpt":{"rendered":"<p>\u00a0E vremea colindelor \u015fi a bucuriei, c\u00e2nd minunea Na\u015fterii M\u00e2ntuitorului cuprinde sufletele \u015fi le \u00eennobileaz\u0103. Cr\u0103ciun fericit! Primarul comunei Lunca Corbului, jud. Arge\u015f, Gheorghe Dr\u0103gan, \u015fi angaja\u0163ii Prim\u0103riei<\/p>\n","protected":false},"author":2,"featured_media":1773,"comment_status":"closed","ping_status":"open","sticky":false,"template":"","format":"standard","meta":{"footnotes":""},"categories":[4],"tags":[],"class_list":{"0":"post-1772","1":"post","2":"type-post","3":"status-publish","4":"format-standard","5":"has-post-thumbnail","7":"category-felicitari"},"_links":{"self":[{"href":"https:\/\/www.editiespecialapress.ro\/newtest\/wp-json\/wp\/v2\/posts\/1772","targetHints":{"allow":["GET"]}}],"collection":[{"href":"https:\/\/www.editiespecialapress.ro\/newtest\/wp-json\/wp\/v2\/posts"}],"about":[{"href":"https:\/\/www.editiespecialapress.ro\/newtest\/wp-json\/wp\/v2\/types\/post"}],"author":[{"embeddable":true,"href":"https:\/\/www.editiespecialapress.ro\/newtest\/wp-json\/wp\/v2\/users\/2"}],"replies":[{"embeddable":true,"href":"https:\/\/www.editiespecialapress.ro\/newtest\/wp-json\/wp\/v2\/comments?post=1772"}],"version-history":[{"count":0,"href":"https:\/\/www.editiespecialapress.ro\/newtest\/wp-json\/wp\/v2\/posts\/1772\/revisions"}],"wp:featuredmedia":[{"embeddable":true,"href":"https:\/\/www.editiespecialapress.ro\/newtest\/wp-json\/"}],"wp:attachment":[{"href":"https:\/\/www.editiespecialapress.ro\/newtest\/wp-json\/wp\/v2\/media?parent=1772"}],"wp:term":[{"taxonomy":"category","embeddable":true,"href":"https:\/\/www.editiespecialapress.ro\/newtest\/wp-json\/wp\/v2\/categories?post=1772"},{"taxonomy":"post_tag","embeddable":true,"href":"https:\/\/www.editiespecialapress.ro\/newtest\/wp-json\/wp\/v2\/tags?post=1772"}],"curies":[{"name":"wp","href":"https:\/\/api.w.org\/{rel}","templated":true}]}}