{"id":1782,"date":"2014-12-22T19:40:27","date_gmt":"2014-12-22T19:40:27","guid":{"rendered":"http:\/\/www.editiespecialapress.ro\/?p=1782"},"modified":"2014-12-22T19:40:27","modified_gmt":"2014-12-22T19:40:27","slug":"primarul-comunei-cepari-jud-arges-minculete-gheorghe-si-angajatii-primariei","status":"publish","type":"post","link":"https:\/\/www.editiespecialapress.ro\/newtest\/2014\/12\/22\/primarul-comunei-cepari-jud-arges-minculete-gheorghe-si-angajatii-primariei\/","title":{"rendered":"Primarul comunei Cepari, jud. Arge\u015f, Minculete Gheorghe, \u015fi angaja\u0163ii Prim\u0103riei"},"content":{"rendered":"<p style=\"text-align: left;\">Fie ca s\u0103rb\u0103torile de iarn\u0103 s\u0103 v\u0103 aduc\u0103 bucuria Cr\u0103ciunului prin speran\u0163\u0103, spiritul Cr\u0103ciunului prin pace, emo\u0163ia Cr\u0103ciunului prin dragoste.<\/p>\n<p style=\"text-align: right;\"><strong>Primarul comunei Cepari, jud. Arge\u015f,<br \/>\nMinculete Gheorghe, \u015fi angaja\u0163ii Prim\u0103riei<\/strong><\/p>\n","protected":false},"excerpt":{"rendered":"<p>Fie ca s\u0103rb\u0103torile de iarn\u0103 s\u0103 v\u0103 aduc\u0103 bucuria Cr\u0103ciunului prin speran\u0163\u0103, spiritul Cr\u0103ciunului prin pace, emo\u0163ia Cr\u0103ciunului prin dragoste. Primarul comunei Cepari, jud. Arge\u015f, Minculete Gheorghe, \u015fi angaja\u0163ii Prim\u0103riei<\/p>\n","protected":false},"author":2,"featured_media":1783,"comment_status":"closed","ping_status":"open","sticky":false,"template":"","format":"standard","meta":{"footnotes":""},"categories":[4],"tags":[],"class_list":{"0":"post-1782","1":"post","2":"type-post","3":"status-publish","4":"format-standard","5":"has-post-thumbnail","7":"category-felicitari"},"_links":{"self":[{"href":"https:\/\/www.editiespecialapress.ro\/newtest\/wp-json\/wp\/v2\/posts\/1782","targetHints":{"allow":["GET"]}}],"collection":[{"href":"https:\/\/www.editiespecialapress.ro\/newtest\/wp-json\/wp\/v2\/posts"}],"about":[{"href":"https:\/\/www.editiespecialapress.ro\/newtest\/wp-json\/wp\/v2\/types\/post"}],"author":[{"embeddable":true,"href":"https:\/\/www.editiespecialapress.ro\/newtest\/wp-json\/wp\/v2\/users\/2"}],"replies":[{"embeddable":true,"href":"https:\/\/www.editiespecialapress.ro\/newtest\/wp-json\/wp\/v2\/comments?post=1782"}],"version-history":[{"count":0,"href":"https:\/\/www.editiespecialapress.ro\/newtest\/wp-json\/wp\/v2\/posts\/1782\/revisions"}],"wp:featuredmedia":[{"embeddable":true,"href":"https:\/\/www.editiespecialapress.ro\/newtest\/wp-json\/"}],"wp:attachment":[{"href":"https:\/\/www.editiespecialapress.ro\/newtest\/wp-json\/wp\/v2\/media?parent=1782"}],"wp:term":[{"taxonomy":"category","embeddable":true,"href":"https:\/\/www.editiespecialapress.ro\/newtest\/wp-json\/wp\/v2\/categories?post=1782"},{"taxonomy":"post_tag","embeddable":true,"href":"https:\/\/www.editiespecialapress.ro\/newtest\/wp-json\/wp\/v2\/tags?post=1782"}],"curies":[{"name":"wp","href":"https:\/\/api.w.org\/{rel}","templated":true}]}}