{"id":1784,"date":"2014-12-22T19:42:09","date_gmt":"2014-12-22T19:42:09","guid":{"rendered":"http:\/\/www.editiespecialapress.ro\/?p=1784"},"modified":"2014-12-22T19:42:09","modified_gmt":"2014-12-22T19:42:09","slug":"primarul-comunei-cateasca-jud-arges-nastase-liviu-florian-si-angajatii-primariei","status":"publish","type":"post","link":"https:\/\/www.editiespecialapress.ro\/newtest\/2014\/12\/22\/primarul-comunei-cateasca-jud-arges-nastase-liviu-florian-si-angajatii-primariei\/","title":{"rendered":"Primarul comunei C\u0103teasca, jud. Arge\u015f, N\u0103stase Liviu Florian, \u015fi angaja\u0163ii Prim\u0103riei"},"content":{"rendered":"<p style=\"text-align: right;\">Frumuse\u0163ea iernii ce las\u0103 magia Cr\u0103ciunului s\u0103 v\u0103 cuprind\u0103, cu ecoul colindelor, cu dulcele miros al cozonacilor \u015fi cu imaginea celor dragi \u00een suflet s\u0103 v\u0103 aduc\u0103 \u00eemplinire, iubire \u015fi fericire! Cr\u0103ciun fericit!<\/p>\n<p style=\"text-align: right;\"><strong>Primarul comunei C\u0103teasca, jud. Arge\u015f,<br \/>\nN\u0103stase Liviu Florian, \u015fi angaja\u0163ii Prim\u0103riei<\/strong><\/p>\n","protected":false},"excerpt":{"rendered":"<p>Frumuse\u0163ea iernii ce las\u0103 magia Cr\u0103ciunului s\u0103 v\u0103 cuprind\u0103, cu ecoul colindelor, cu dulcele miros al cozonacilor \u015fi cu imaginea celor dragi \u00een suflet s\u0103 v\u0103 aduc\u0103 \u00eemplinire, iubire \u015fi fericire! Cr\u0103ciun fericit! Primarul comunei C\u0103teasca, jud. Arge\u015f, N\u0103stase Liviu Florian, \u015fi angaja\u0163ii Prim\u0103riei<\/p>\n","protected":false},"author":2,"featured_media":1785,"comment_status":"closed","ping_status":"open","sticky":false,"template":"","format":"standard","meta":{"footnotes":""},"categories":[4],"tags":[],"class_list":{"0":"post-1784","1":"post","2":"type-post","3":"status-publish","4":"format-standard","5":"has-post-thumbnail","7":"category-felicitari"},"_links":{"self":[{"href":"https:\/\/www.editiespecialapress.ro\/newtest\/wp-json\/wp\/v2\/posts\/1784","targetHints":{"allow":["GET"]}}],"collection":[{"href":"https:\/\/www.editiespecialapress.ro\/newtest\/wp-json\/wp\/v2\/posts"}],"about":[{"href":"https:\/\/www.editiespecialapress.ro\/newtest\/wp-json\/wp\/v2\/types\/post"}],"author":[{"embeddable":true,"href":"https:\/\/www.editiespecialapress.ro\/newtest\/wp-json\/wp\/v2\/users\/2"}],"replies":[{"embeddable":true,"href":"https:\/\/www.editiespecialapress.ro\/newtest\/wp-json\/wp\/v2\/comments?post=1784"}],"version-history":[{"count":0,"href":"https:\/\/www.editiespecialapress.ro\/newtest\/wp-json\/wp\/v2\/posts\/1784\/revisions"}],"wp:featuredmedia":[{"embeddable":true,"href":"https:\/\/www.editiespecialapress.ro\/newtest\/wp-json\/"}],"wp:attachment":[{"href":"https:\/\/www.editiespecialapress.ro\/newtest\/wp-json\/wp\/v2\/media?parent=1784"}],"wp:term":[{"taxonomy":"category","embeddable":true,"href":"https:\/\/www.editiespecialapress.ro\/newtest\/wp-json\/wp\/v2\/categories?post=1784"},{"taxonomy":"post_tag","embeddable":true,"href":"https:\/\/www.editiespecialapress.ro\/newtest\/wp-json\/wp\/v2\/tags?post=1784"}],"curies":[{"name":"wp","href":"https:\/\/api.w.org\/{rel}","templated":true}]}}