{"id":1786,"date":"2014-12-22T19:43:07","date_gmt":"2014-12-22T19:43:07","guid":{"rendered":"http:\/\/www.editiespecialapress.ro\/?p=1786"},"modified":"2014-12-22T19:43:07","modified_gmt":"2014-12-22T19:43:07","slug":"primarul-comunei-budeasa-jud-arges-stefan-ion","status":"publish","type":"post","link":"https:\/\/www.editiespecialapress.ro\/newtest\/2014\/12\/22\/primarul-comunei-budeasa-jud-arges-stefan-ion\/","title":{"rendered":"Primarul comunei Budeasa, jud Arge\u015f, \u015etefan Ion"},"content":{"rendered":"<p style=\"text-align: left;\">S\u0103rb\u0103torile vin \u015fi trec, dar speran\u0163ele \u015fi amintirile ne \u00eenso\u0163esc mereu. Fie ca \u015fi \u00een acest final de an s\u0103 ne \u00eembog\u0103\u0163im cu vise noi, ca \u00een anul ce vine s\u0103 ne bucur\u0103m de calea parcurs\u0103 p\u00e2n\u0103 la atingerea lor. S\u0103 ning\u0103 iarna aceasta cu binecuv\u00e2nt\u0103ri albe, iar g\u00e2ndurile noastre frumoase s\u0103 le pune\u0163i sub bradul prietenilor! Cr\u0103ciun fericit!<\/p>\n<p style=\"text-align: right;\"><strong>Primarul comunei Budeasa, jud Arge\u015f,<br \/>\n\u015etefan Ion<\/strong><\/p>\n","protected":false},"excerpt":{"rendered":"<p>S\u0103rb\u0103torile vin \u015fi trec, dar speran\u0163ele \u015fi amintirile ne \u00eenso\u0163esc mereu. Fie ca \u015fi \u00een acest final de an s\u0103 ne \u00eembog\u0103\u0163im cu vise noi, ca \u00een anul ce vine s\u0103 ne bucur\u0103m de calea parcurs\u0103 p\u00e2n\u0103 la atingerea lor. S\u0103 ning\u0103 iarna aceasta cu binecuv\u00e2nt\u0103ri albe, iar g\u00e2ndurile noastre frumoase s\u0103 le pune\u0163i sub [&hellip;]<\/p>\n","protected":false},"author":2,"featured_media":1787,"comment_status":"closed","ping_status":"open","sticky":false,"template":"","format":"standard","meta":{"footnotes":""},"categories":[4],"tags":[],"class_list":{"0":"post-1786","1":"post","2":"type-post","3":"status-publish","4":"format-standard","5":"has-post-thumbnail","7":"category-felicitari"},"_links":{"self":[{"href":"https:\/\/www.editiespecialapress.ro\/newtest\/wp-json\/wp\/v2\/posts\/1786","targetHints":{"allow":["GET"]}}],"collection":[{"href":"https:\/\/www.editiespecialapress.ro\/newtest\/wp-json\/wp\/v2\/posts"}],"about":[{"href":"https:\/\/www.editiespecialapress.ro\/newtest\/wp-json\/wp\/v2\/types\/post"}],"author":[{"embeddable":true,"href":"https:\/\/www.editiespecialapress.ro\/newtest\/wp-json\/wp\/v2\/users\/2"}],"replies":[{"embeddable":true,"href":"https:\/\/www.editiespecialapress.ro\/newtest\/wp-json\/wp\/v2\/comments?post=1786"}],"version-history":[{"count":0,"href":"https:\/\/www.editiespecialapress.ro\/newtest\/wp-json\/wp\/v2\/posts\/1786\/revisions"}],"wp:featuredmedia":[{"embeddable":true,"href":"https:\/\/www.editiespecialapress.ro\/newtest\/wp-json\/"}],"wp:attachment":[{"href":"https:\/\/www.editiespecialapress.ro\/newtest\/wp-json\/wp\/v2\/media?parent=1786"}],"wp:term":[{"taxonomy":"category","embeddable":true,"href":"https:\/\/www.editiespecialapress.ro\/newtest\/wp-json\/wp\/v2\/categories?post=1786"},{"taxonomy":"post_tag","embeddable":true,"href":"https:\/\/www.editiespecialapress.ro\/newtest\/wp-json\/wp\/v2\/tags?post=1786"}],"curies":[{"name":"wp","href":"https:\/\/api.w.org\/{rel}","templated":true}]}}