{"id":1793,"date":"2014-12-22T19:54:19","date_gmt":"2014-12-22T19:54:19","guid":{"rendered":"http:\/\/www.editiespecialapress.ro\/?p=1793"},"modified":"2014-12-22T19:54:19","modified_gmt":"2014-12-22T19:54:19","slug":"primarul-comunei-barla-jud-argesneacsu-ion-si-angajatii-primariei","status":"publish","type":"post","link":"https:\/\/www.editiespecialapress.ro\/newtest\/2014\/12\/22\/primarul-comunei-barla-jud-argesneacsu-ion-si-angajatii-primariei\/","title":{"rendered":"Primarul comunei B\u00e2rla, jud. Arge\u015f,Neac\u015fu Ion, \u015fi angaja\u0163ii Prim\u0103riei"},"content":{"rendered":"<p style=\"text-align: left;\">Acum c\u0103 roata timpului a mai \u0163esut \u00eenc\u0103 un an, iar cristalele fulgilor de z\u0103pad\u0103 \u00eentregesc magia s\u0103rb\u0103torilor, s\u0103 ne bucur\u0103m al\u0103turi de cei dragi nou\u0103, de minunea vie\u0163ii, de darurile Mo\u015fului \u015fi s\u0103 a\u015ftept\u0103m \u00eencrez\u0103tori clipele viitorului! Cr\u0103ciun fericit!<\/p>\n<p style=\"text-align: right;\"><strong>Primarul comunei B\u00e2rla, jud. Arge\u015f,<\/strong><br \/>\n<strong>Neac\u015fu Ion, \u015fi angaja\u0163ii Prim\u0103riei<\/strong><\/p>\n","protected":false},"excerpt":{"rendered":"<p>Acum c\u0103 roata timpului a mai \u0163esut \u00eenc\u0103 un an, iar cristalele fulgilor de z\u0103pad\u0103 \u00eentregesc magia s\u0103rb\u0103torilor, s\u0103 ne bucur\u0103m al\u0103turi de cei dragi nou\u0103, de minunea vie\u0163ii, de darurile Mo\u015fului \u015fi s\u0103 a\u015ftept\u0103m \u00eencrez\u0103tori clipele viitorului! Cr\u0103ciun fericit! Primarul comunei B\u00e2rla, jud. Arge\u015f, Neac\u015fu Ion, \u015fi angaja\u0163ii Prim\u0103riei<\/p>\n","protected":false},"author":2,"featured_media":1794,"comment_status":"closed","ping_status":"open","sticky":false,"template":"","format":"standard","meta":{"footnotes":""},"categories":[4],"tags":[],"class_list":{"0":"post-1793","1":"post","2":"type-post","3":"status-publish","4":"format-standard","5":"has-post-thumbnail","7":"category-felicitari"},"_links":{"self":[{"href":"https:\/\/www.editiespecialapress.ro\/newtest\/wp-json\/wp\/v2\/posts\/1793","targetHints":{"allow":["GET"]}}],"collection":[{"href":"https:\/\/www.editiespecialapress.ro\/newtest\/wp-json\/wp\/v2\/posts"}],"about":[{"href":"https:\/\/www.editiespecialapress.ro\/newtest\/wp-json\/wp\/v2\/types\/post"}],"author":[{"embeddable":true,"href":"https:\/\/www.editiespecialapress.ro\/newtest\/wp-json\/wp\/v2\/users\/2"}],"replies":[{"embeddable":true,"href":"https:\/\/www.editiespecialapress.ro\/newtest\/wp-json\/wp\/v2\/comments?post=1793"}],"version-history":[{"count":0,"href":"https:\/\/www.editiespecialapress.ro\/newtest\/wp-json\/wp\/v2\/posts\/1793\/revisions"}],"wp:featuredmedia":[{"embeddable":true,"href":"https:\/\/www.editiespecialapress.ro\/newtest\/wp-json\/"}],"wp:attachment":[{"href":"https:\/\/www.editiespecialapress.ro\/newtest\/wp-json\/wp\/v2\/media?parent=1793"}],"wp:term":[{"taxonomy":"category","embeddable":true,"href":"https:\/\/www.editiespecialapress.ro\/newtest\/wp-json\/wp\/v2\/categories?post=1793"},{"taxonomy":"post_tag","embeddable":true,"href":"https:\/\/www.editiespecialapress.ro\/newtest\/wp-json\/wp\/v2\/tags?post=1793"}],"curies":[{"name":"wp","href":"https:\/\/api.w.org\/{rel}","templated":true}]}}