{"id":1810,"date":"2014-12-22T20:19:46","date_gmt":"2014-12-22T20:19:46","guid":{"rendered":"http:\/\/www.editiespecialapress.ro\/?p=1810"},"modified":"2014-12-22T20:19:46","modified_gmt":"2014-12-22T20:19:46","slug":"primarul-comunei-merisani-jud-arges-ionescu-marius-luigi-si-angajatii-primariei","status":"publish","type":"post","link":"https:\/\/www.editiespecialapress.ro\/newtest\/2014\/12\/22\/primarul-comunei-merisani-jud-arges-ionescu-marius-luigi-si-angajatii-primariei\/","title":{"rendered":"Primarul comunei  Meri\u015fani, jud. Arge\u015f, Ionescu Marius Luigi, \u015fi angaja\u0163ii Prim\u0103riei"},"content":{"rendered":"<p style=\"text-align: left;\">Aripi de \u00eenger s\u0103 v\u0103 ating\u0103 sufletul \u015fi s\u0103 v\u0103 ia toate sup\u0103r\u0103rile, l\u0103s\u00e2nd \u00een schimb lumina \u015fi speran\u0163a Cr\u0103ciunului! Cr\u0103ciun fericit!<\/p>\n<p style=\"text-align: right;\"><strong>Primarul comunei \u00a0Meri\u015fani, jud. Arge\u015f,<br \/>\n<\/strong><strong>Ionescu Marius Luigi, \u015fi angaja\u0163ii Prim\u0103riei<\/strong><\/p>\n","protected":false},"excerpt":{"rendered":"<p>Aripi de \u00eenger s\u0103 v\u0103 ating\u0103 sufletul \u015fi s\u0103 v\u0103 ia toate sup\u0103r\u0103rile, l\u0103s\u00e2nd \u00een schimb lumina \u015fi speran\u0163a Cr\u0103ciunului! Cr\u0103ciun fericit! Primarul comunei \u00a0Meri\u015fani, jud. Arge\u015f, Ionescu Marius Luigi, \u015fi angaja\u0163ii Prim\u0103riei<\/p>\n","protected":false},"author":2,"featured_media":1811,"comment_status":"closed","ping_status":"open","sticky":false,"template":"","format":"standard","meta":{"footnotes":""},"categories":[4],"tags":[],"class_list":{"0":"post-1810","1":"post","2":"type-post","3":"status-publish","4":"format-standard","5":"has-post-thumbnail","7":"category-felicitari"},"_links":{"self":[{"href":"https:\/\/www.editiespecialapress.ro\/newtest\/wp-json\/wp\/v2\/posts\/1810","targetHints":{"allow":["GET"]}}],"collection":[{"href":"https:\/\/www.editiespecialapress.ro\/newtest\/wp-json\/wp\/v2\/posts"}],"about":[{"href":"https:\/\/www.editiespecialapress.ro\/newtest\/wp-json\/wp\/v2\/types\/post"}],"author":[{"embeddable":true,"href":"https:\/\/www.editiespecialapress.ro\/newtest\/wp-json\/wp\/v2\/users\/2"}],"replies":[{"embeddable":true,"href":"https:\/\/www.editiespecialapress.ro\/newtest\/wp-json\/wp\/v2\/comments?post=1810"}],"version-history":[{"count":0,"href":"https:\/\/www.editiespecialapress.ro\/newtest\/wp-json\/wp\/v2\/posts\/1810\/revisions"}],"wp:featuredmedia":[{"embeddable":true,"href":"https:\/\/www.editiespecialapress.ro\/newtest\/wp-json\/"}],"wp:attachment":[{"href":"https:\/\/www.editiespecialapress.ro\/newtest\/wp-json\/wp\/v2\/media?parent=1810"}],"wp:term":[{"taxonomy":"category","embeddable":true,"href":"https:\/\/www.editiespecialapress.ro\/newtest\/wp-json\/wp\/v2\/categories?post=1810"},{"taxonomy":"post_tag","embeddable":true,"href":"https:\/\/www.editiespecialapress.ro\/newtest\/wp-json\/wp\/v2\/tags?post=1810"}],"curies":[{"name":"wp","href":"https:\/\/api.w.org\/{rel}","templated":true}]}}