{"id":1825,"date":"2014-12-22T19:34:46","date_gmt":"2014-12-22T19:34:46","guid":{"rendered":"http:\/\/www.editiespecialapress.ro\/?p=1825"},"modified":"2014-12-22T19:34:46","modified_gmt":"2014-12-22T19:34:46","slug":"primarul-comunei-darmanesti-jud-arges-ciolan-emiliansi-angajatii-primariei","status":"publish","type":"post","link":"https:\/\/www.editiespecialapress.ro\/newtest\/2014\/12\/22\/primarul-comunei-darmanesti-jud-arges-ciolan-emiliansi-angajatii-primariei\/","title":{"rendered":"Primarul comunei D\u00e2rm\u0103ne\u015fti, jud. Arge\u015f, Ciolan Emilian,\u015fi angaja\u0163ii Prim\u0103riei"},"content":{"rendered":"<p style=\"text-align: left;\">\u00a0\u00cen prag de s\u0103rb\u0103tori, cu lumin\u0103 \u015fi c\u0103ldur\u0103 \u00een suflet, v\u0103 dorim s\u0103 ave\u0163i parte de zile minunate, s\u0103 v\u0103 bucura\u0163i \u015fi s\u0103 a\u015ftepta\u0163i anul ce vine \u00eempreun\u0103 cu cei dragi. Cr\u0103ciun fericit!<\/p>\n<p style=\"text-align: right;\"><strong>Primarul comunei D\u00e2rm\u0103ne\u015fti, jud. Arge\u015f, <\/strong><br \/>\n<strong>Ciolan Emilian,\u015fi angaja\u0163ii Prim\u0103riei<\/strong><\/p>\n","protected":false},"excerpt":{"rendered":"<p>\u00a0\u00cen prag de s\u0103rb\u0103tori, cu lumin\u0103 \u015fi c\u0103ldur\u0103 \u00een suflet, v\u0103 dorim s\u0103 ave\u0163i parte de zile minunate, s\u0103 v\u0103 bucura\u0163i \u015fi s\u0103 a\u015ftepta\u0163i anul ce vine \u00eempreun\u0103 cu cei dragi. Cr\u0103ciun fericit! Primarul comunei D\u00e2rm\u0103ne\u015fti, jud. Arge\u015f, Ciolan Emilian,\u015fi angaja\u0163ii Prim\u0103riei<\/p>\n","protected":false},"author":2,"featured_media":1826,"comment_status":"closed","ping_status":"open","sticky":false,"template":"","format":"standard","meta":{"footnotes":""},"categories":[4],"tags":[],"class_list":{"0":"post-1825","1":"post","2":"type-post","3":"status-publish","4":"format-standard","5":"has-post-thumbnail","7":"category-felicitari"},"_links":{"self":[{"href":"https:\/\/www.editiespecialapress.ro\/newtest\/wp-json\/wp\/v2\/posts\/1825","targetHints":{"allow":["GET"]}}],"collection":[{"href":"https:\/\/www.editiespecialapress.ro\/newtest\/wp-json\/wp\/v2\/posts"}],"about":[{"href":"https:\/\/www.editiespecialapress.ro\/newtest\/wp-json\/wp\/v2\/types\/post"}],"author":[{"embeddable":true,"href":"https:\/\/www.editiespecialapress.ro\/newtest\/wp-json\/wp\/v2\/users\/2"}],"replies":[{"embeddable":true,"href":"https:\/\/www.editiespecialapress.ro\/newtest\/wp-json\/wp\/v2\/comments?post=1825"}],"version-history":[{"count":0,"href":"https:\/\/www.editiespecialapress.ro\/newtest\/wp-json\/wp\/v2\/posts\/1825\/revisions"}],"wp:featuredmedia":[{"embeddable":true,"href":"https:\/\/www.editiespecialapress.ro\/newtest\/wp-json\/"}],"wp:attachment":[{"href":"https:\/\/www.editiespecialapress.ro\/newtest\/wp-json\/wp\/v2\/media?parent=1825"}],"wp:term":[{"taxonomy":"category","embeddable":true,"href":"https:\/\/www.editiespecialapress.ro\/newtest\/wp-json\/wp\/v2\/categories?post=1825"},{"taxonomy":"post_tag","embeddable":true,"href":"https:\/\/www.editiespecialapress.ro\/newtest\/wp-json\/wp\/v2\/tags?post=1825"}],"curies":[{"name":"wp","href":"https:\/\/api.w.org\/{rel}","templated":true}]}}