{"id":1842,"date":"2014-12-24T15:52:02","date_gmt":"2014-12-24T15:52:02","guid":{"rendered":"http:\/\/www.editiespecialapress.ro\/?p=1842"},"modified":"2014-12-24T15:52:02","modified_gmt":"2014-12-24T15:52:02","slug":"primarul-comunei-cosesti-judetul-arges-tudose-elisaveta-si-angajatii-primariei","status":"publish","type":"post","link":"https:\/\/www.editiespecialapress.ro\/newtest\/2014\/12\/24\/primarul-comunei-cosesti-judetul-arges-tudose-elisaveta-si-angajatii-primariei\/","title":{"rendered":"Primarul comunei Cosesti, judetul Arges, Tudose Elisaveta, si angajatii Primariei"},"content":{"rendered":"<p>Fie ca Pruncul n\u0103scut \u00een ieslea din Bethleem s\u0103 v\u0103 umple casele \u015fi vie\u0163ile cu bucurie,s\u0103n\u0103tate \u015fi mult\u0103 \u00een\u0163elepciune pentru anul care vine. Craciun fericit!<\/p>\n<p style=\"text-align: right;\"><strong>Primarul comunei Cosesti, judetul Arges, <\/strong><br \/>\n<strong>Tudose Elisaveta, si angajatii Primariei<\/strong><\/p>\n","protected":false},"excerpt":{"rendered":"<p>Fie ca Pruncul n\u0103scut \u00een ieslea din Bethleem s\u0103 v\u0103 umple casele \u015fi vie\u0163ile cu bucurie,s\u0103n\u0103tate \u015fi mult\u0103 \u00een\u0163elepciune pentru anul care vine. Craciun fericit! Primarul comunei Cosesti, judetul Arges, Tudose Elisaveta, si angajatii Primariei<\/p>\n","protected":false},"author":2,"featured_media":1843,"comment_status":"closed","ping_status":"open","sticky":false,"template":"","format":"standard","meta":{"footnotes":""},"categories":[4],"tags":[],"class_list":{"0":"post-1842","1":"post","2":"type-post","3":"status-publish","4":"format-standard","5":"has-post-thumbnail","7":"category-felicitari"},"_links":{"self":[{"href":"https:\/\/www.editiespecialapress.ro\/newtest\/wp-json\/wp\/v2\/posts\/1842","targetHints":{"allow":["GET"]}}],"collection":[{"href":"https:\/\/www.editiespecialapress.ro\/newtest\/wp-json\/wp\/v2\/posts"}],"about":[{"href":"https:\/\/www.editiespecialapress.ro\/newtest\/wp-json\/wp\/v2\/types\/post"}],"author":[{"embeddable":true,"href":"https:\/\/www.editiespecialapress.ro\/newtest\/wp-json\/wp\/v2\/users\/2"}],"replies":[{"embeddable":true,"href":"https:\/\/www.editiespecialapress.ro\/newtest\/wp-json\/wp\/v2\/comments?post=1842"}],"version-history":[{"count":0,"href":"https:\/\/www.editiespecialapress.ro\/newtest\/wp-json\/wp\/v2\/posts\/1842\/revisions"}],"wp:featuredmedia":[{"embeddable":true,"href":"https:\/\/www.editiespecialapress.ro\/newtest\/wp-json\/"}],"wp:attachment":[{"href":"https:\/\/www.editiespecialapress.ro\/newtest\/wp-json\/wp\/v2\/media?parent=1842"}],"wp:term":[{"taxonomy":"category","embeddable":true,"href":"https:\/\/www.editiespecialapress.ro\/newtest\/wp-json\/wp\/v2\/categories?post=1842"},{"taxonomy":"post_tag","embeddable":true,"href":"https:\/\/www.editiespecialapress.ro\/newtest\/wp-json\/wp\/v2\/tags?post=1842"}],"curies":[{"name":"wp","href":"https:\/\/api.w.org\/{rel}","templated":true}]}}