{"id":1847,"date":"2014-12-24T15:54:26","date_gmt":"2014-12-24T15:54:26","guid":{"rendered":"http:\/\/www.editiespecialapress.ro\/?p=1847"},"modified":"2014-12-24T15:54:26","modified_gmt":"2014-12-24T15:54:26","slug":"fie-ca-sarbatoarea-craciunului-sa-va-umple-sufletul-de-bucuriesa-va-aduca-pace-si-liniste-in-sufletiar-lumina-lui-minunata-sa-va-lumineze-in-continuare-pasii-in-viata-craciun-fericit-primarul-comu","status":"publish","type":"post","link":"https:\/\/www.editiespecialapress.ro\/newtest\/2014\/12\/24\/fie-ca-sarbatoarea-craciunului-sa-va-umple-sufletul-de-bucuriesa-va-aduca-pace-si-liniste-in-sufletiar-lumina-lui-minunata-sa-va-lumineze-in-continuare-pasii-in-viata-craciun-fericit-primarul-comu\/","title":{"rendered":"Primarul comunei Buzoiesti, judetul Arges, Tanase Ion, si angajatii Primariei"},"content":{"rendered":"<p>Fie c\u0103 s\u0103rb\u0103toarea Cr\u0103ciunului s\u0103 va umple sufletul de bucurie,s\u0103 va aduc\u0103 pace \u015fi lini\u015fte \u00een suflet,iar lumina lui minunat\u0103 s\u0103 va lumineze \u00een continuare pa\u015fii \u00een via\u0163a. Craciun fericit!<\/p>\n<p style=\"text-align: right;\"><strong>Primarul comunei Buzoiesti, judetul Arges, <\/strong><br \/>\n<strong>Tanase Ion, si angajatii Primariei<\/strong><\/p>\n","protected":false},"excerpt":{"rendered":"<p>Fie c\u0103 s\u0103rb\u0103toarea Cr\u0103ciunului s\u0103 va umple sufletul de bucurie,s\u0103 va aduc\u0103 pace \u015fi lini\u015fte \u00een suflet,iar lumina lui minunat\u0103 s\u0103 va lumineze \u00een continuare pa\u015fii \u00een via\u0163a. Craciun fericit! Primarul comunei Buzoiesti, judetul Arges, Tanase Ion, si angajatii Primariei<\/p>\n","protected":false},"author":2,"featured_media":1848,"comment_status":"closed","ping_status":"open","sticky":false,"template":"","format":"standard","meta":{"footnotes":""},"categories":[4],"tags":[],"class_list":{"0":"post-1847","1":"post","2":"type-post","3":"status-publish","4":"format-standard","5":"has-post-thumbnail","7":"category-felicitari"},"_links":{"self":[{"href":"https:\/\/www.editiespecialapress.ro\/newtest\/wp-json\/wp\/v2\/posts\/1847","targetHints":{"allow":["GET"]}}],"collection":[{"href":"https:\/\/www.editiespecialapress.ro\/newtest\/wp-json\/wp\/v2\/posts"}],"about":[{"href":"https:\/\/www.editiespecialapress.ro\/newtest\/wp-json\/wp\/v2\/types\/post"}],"author":[{"embeddable":true,"href":"https:\/\/www.editiespecialapress.ro\/newtest\/wp-json\/wp\/v2\/users\/2"}],"replies":[{"embeddable":true,"href":"https:\/\/www.editiespecialapress.ro\/newtest\/wp-json\/wp\/v2\/comments?post=1847"}],"version-history":[{"count":0,"href":"https:\/\/www.editiespecialapress.ro\/newtest\/wp-json\/wp\/v2\/posts\/1847\/revisions"}],"wp:featuredmedia":[{"embeddable":true,"href":"https:\/\/www.editiespecialapress.ro\/newtest\/wp-json\/"}],"wp:attachment":[{"href":"https:\/\/www.editiespecialapress.ro\/newtest\/wp-json\/wp\/v2\/media?parent=1847"}],"wp:term":[{"taxonomy":"category","embeddable":true,"href":"https:\/\/www.editiespecialapress.ro\/newtest\/wp-json\/wp\/v2\/categories?post=1847"},{"taxonomy":"post_tag","embeddable":true,"href":"https:\/\/www.editiespecialapress.ro\/newtest\/wp-json\/wp\/v2\/tags?post=1847"}],"curies":[{"name":"wp","href":"https:\/\/api.w.org\/{rel}","templated":true}]}}