{"id":1850,"date":"2014-12-24T15:55:47","date_gmt":"2014-12-24T15:55:47","guid":{"rendered":"http:\/\/www.editiespecialapress.ro\/?p=1850"},"modified":"2014-12-24T15:55:47","modified_gmt":"2014-12-24T15:55:47","slug":"primarul-comunei-babana-judetul-arges-bebe-ivan-si-angajatii-primariei","status":"publish","type":"post","link":"https:\/\/www.editiespecialapress.ro\/newtest\/2014\/12\/24\/primarul-comunei-babana-judetul-arges-bebe-ivan-si-angajatii-primariei\/","title":{"rendered":"Primarul comunei Babana, judetul Arges, Bebe Ivan, si angajatii Primariei."},"content":{"rendered":"<p>Fie ca aroma de brad, portocal\u0103, colindele, cozonacul cald \u015fi mirosul de iarn\u0103 s\u0103 v\u0103 umple inimile de bucurie \u015fi sufletele de lini\u015fte. Craciun fericit!<\/p>\n<p style=\"text-align: right;\"><strong>Primarul comunei Babana, judetul Arges, <\/strong><br \/>\n<strong>Bebe Ivan, si angajatii Primariei<\/strong><\/p>\n","protected":false},"excerpt":{"rendered":"<p>Fie ca aroma de brad, portocal\u0103, colindele, cozonacul cald \u015fi mirosul de iarn\u0103 s\u0103 v\u0103 umple inimile de bucurie \u015fi sufletele de lini\u015fte. Craciun fericit! Primarul comunei Babana, judetul Arges, Bebe Ivan, si angajatii Primariei<\/p>\n","protected":false},"author":2,"featured_media":1851,"comment_status":"closed","ping_status":"open","sticky":false,"template":"","format":"standard","meta":{"footnotes":""},"categories":[4],"tags":[],"class_list":{"0":"post-1850","1":"post","2":"type-post","3":"status-publish","4":"format-standard","5":"has-post-thumbnail","7":"category-felicitari"},"_links":{"self":[{"href":"https:\/\/www.editiespecialapress.ro\/newtest\/wp-json\/wp\/v2\/posts\/1850","targetHints":{"allow":["GET"]}}],"collection":[{"href":"https:\/\/www.editiespecialapress.ro\/newtest\/wp-json\/wp\/v2\/posts"}],"about":[{"href":"https:\/\/www.editiespecialapress.ro\/newtest\/wp-json\/wp\/v2\/types\/post"}],"author":[{"embeddable":true,"href":"https:\/\/www.editiespecialapress.ro\/newtest\/wp-json\/wp\/v2\/users\/2"}],"replies":[{"embeddable":true,"href":"https:\/\/www.editiespecialapress.ro\/newtest\/wp-json\/wp\/v2\/comments?post=1850"}],"version-history":[{"count":0,"href":"https:\/\/www.editiespecialapress.ro\/newtest\/wp-json\/wp\/v2\/posts\/1850\/revisions"}],"wp:featuredmedia":[{"embeddable":true,"href":"https:\/\/www.editiespecialapress.ro\/newtest\/wp-json\/"}],"wp:attachment":[{"href":"https:\/\/www.editiespecialapress.ro\/newtest\/wp-json\/wp\/v2\/media?parent=1850"}],"wp:term":[{"taxonomy":"category","embeddable":true,"href":"https:\/\/www.editiespecialapress.ro\/newtest\/wp-json\/wp\/v2\/categories?post=1850"},{"taxonomy":"post_tag","embeddable":true,"href":"https:\/\/www.editiespecialapress.ro\/newtest\/wp-json\/wp\/v2\/tags?post=1850"}],"curies":[{"name":"wp","href":"https:\/\/api.w.org\/{rel}","templated":true}]}}