{"id":1853,"date":"2014-12-24T15:57:11","date_gmt":"2014-12-24T15:57:11","guid":{"rendered":"http:\/\/www.editiespecialapress.ro\/?p=1853"},"modified":"2014-12-24T15:57:11","modified_gmt":"2014-12-24T15:57:11","slug":"primarul-orasului-curtea-de-arges-diaconu-nicolae-si-angajatii-primariei","status":"publish","type":"post","link":"https:\/\/www.editiespecialapress.ro\/newtest\/2014\/12\/24\/primarul-orasului-curtea-de-arges-diaconu-nicolae-si-angajatii-primariei\/","title":{"rendered":"Primarul orasului Curtea de Arges,  Diaconu Nicolae, si angajatii Primariei."},"content":{"rendered":"<p>Lumina Na\u0219terii lui Iisus se \u00eentinde de la o casa la alta, de la o inima la alta, iar c\u0103ldura si bucuria Cr\u0103ciunului ne aduce pe to\u021bi mai aproape. Cr\u0103ciun Fericit!<\/p>\n<p style=\"text-align: right;\"><strong>Primarul orasului Curtea de Arges, <\/strong><br \/>\n<strong>Diaconu Nicolae, si angajatii Primariei.<\/strong><\/p>\n","protected":false},"excerpt":{"rendered":"<p>Lumina Na\u0219terii lui Iisus se \u00eentinde de la o casa la alta, de la o inima la alta, iar c\u0103ldura si bucuria Cr\u0103ciunului ne aduce pe to\u021bi mai aproape. Cr\u0103ciun Fericit! Primarul orasului Curtea de Arges, Diaconu Nicolae, si angajatii Primariei.<\/p>\n","protected":false},"author":2,"featured_media":1854,"comment_status":"closed","ping_status":"open","sticky":false,"template":"","format":"standard","meta":{"footnotes":""},"categories":[4],"tags":[],"class_list":{"0":"post-1853","1":"post","2":"type-post","3":"status-publish","4":"format-standard","5":"has-post-thumbnail","7":"category-felicitari"},"_links":{"self":[{"href":"https:\/\/www.editiespecialapress.ro\/newtest\/wp-json\/wp\/v2\/posts\/1853","targetHints":{"allow":["GET"]}}],"collection":[{"href":"https:\/\/www.editiespecialapress.ro\/newtest\/wp-json\/wp\/v2\/posts"}],"about":[{"href":"https:\/\/www.editiespecialapress.ro\/newtest\/wp-json\/wp\/v2\/types\/post"}],"author":[{"embeddable":true,"href":"https:\/\/www.editiespecialapress.ro\/newtest\/wp-json\/wp\/v2\/users\/2"}],"replies":[{"embeddable":true,"href":"https:\/\/www.editiespecialapress.ro\/newtest\/wp-json\/wp\/v2\/comments?post=1853"}],"version-history":[{"count":0,"href":"https:\/\/www.editiespecialapress.ro\/newtest\/wp-json\/wp\/v2\/posts\/1853\/revisions"}],"wp:featuredmedia":[{"embeddable":true,"href":"https:\/\/www.editiespecialapress.ro\/newtest\/wp-json\/"}],"wp:attachment":[{"href":"https:\/\/www.editiespecialapress.ro\/newtest\/wp-json\/wp\/v2\/media?parent=1853"}],"wp:term":[{"taxonomy":"category","embeddable":true,"href":"https:\/\/www.editiespecialapress.ro\/newtest\/wp-json\/wp\/v2\/categories?post=1853"},{"taxonomy":"post_tag","embeddable":true,"href":"https:\/\/www.editiespecialapress.ro\/newtest\/wp-json\/wp\/v2\/tags?post=1853"}],"curies":[{"name":"wp","href":"https:\/\/api.w.org\/{rel}","templated":true}]}}