{"id":1883,"date":"2014-12-27T19:43:32","date_gmt":"2014-12-27T19:43:32","guid":{"rendered":"http:\/\/www.editiespecialapress.ro\/?p=1883"},"modified":"2014-12-27T19:43:32","modified_gmt":"2014-12-27T19:43:32","slug":"primaria-stefanesti-jud-arges-primar-dorin-barbuceanu-si-angajatii-primariei","status":"publish","type":"post","link":"https:\/\/www.editiespecialapress.ro\/newtest\/2014\/12\/27\/primaria-stefanesti-jud-arges-primar-dorin-barbuceanu-si-angajatii-primariei\/","title":{"rendered":"Prim\u0103ria \u015etef\u0103ne\u015fti, jud. Arge\u015f, primar Dorin B\u0103rbuceanu \u015fi angaja\u0163ii Prim\u0103riei."},"content":{"rendered":"<p>La mul\u0163i ani cu s\u0103n\u0103tate. Domnul s\u0103 v\u0103 dea de toate. Poate un strop de fericire, poate unul de iubire, poate unul de noroc, poate toate la un loc. La mul\u0163i ani!<\/p>\n<p style=\"text-align: right;\"><strong>Prim\u0103ria \u015etef\u0103ne\u015fti, jud. Arge\u015f, <\/strong><br \/>\n<strong>primar Dorin B\u0103rbuceanu \u015fi angaja\u0163ii Prim\u0103riei. \u00a0<\/strong><\/p>\n","protected":false},"excerpt":{"rendered":"<p>La mul\u0163i ani cu s\u0103n\u0103tate. Domnul s\u0103 v\u0103 dea de toate. Poate un strop de fericire, poate unul de iubire, poate unul de noroc, poate toate la un loc. La mul\u0163i ani! Prim\u0103ria \u015etef\u0103ne\u015fti, jud. Arge\u015f, primar Dorin B\u0103rbuceanu \u015fi angaja\u0163ii Prim\u0103riei. \u00a0<\/p>\n","protected":false},"author":2,"featured_media":1884,"comment_status":"closed","ping_status":"open","sticky":false,"template":"","format":"standard","meta":{"footnotes":""},"categories":[4],"tags":[],"class_list":{"0":"post-1883","1":"post","2":"type-post","3":"status-publish","4":"format-standard","5":"has-post-thumbnail","7":"category-felicitari"},"_links":{"self":[{"href":"https:\/\/www.editiespecialapress.ro\/newtest\/wp-json\/wp\/v2\/posts\/1883","targetHints":{"allow":["GET"]}}],"collection":[{"href":"https:\/\/www.editiespecialapress.ro\/newtest\/wp-json\/wp\/v2\/posts"}],"about":[{"href":"https:\/\/www.editiespecialapress.ro\/newtest\/wp-json\/wp\/v2\/types\/post"}],"author":[{"embeddable":true,"href":"https:\/\/www.editiespecialapress.ro\/newtest\/wp-json\/wp\/v2\/users\/2"}],"replies":[{"embeddable":true,"href":"https:\/\/www.editiespecialapress.ro\/newtest\/wp-json\/wp\/v2\/comments?post=1883"}],"version-history":[{"count":0,"href":"https:\/\/www.editiespecialapress.ro\/newtest\/wp-json\/wp\/v2\/posts\/1883\/revisions"}],"wp:featuredmedia":[{"embeddable":true,"href":"https:\/\/www.editiespecialapress.ro\/newtest\/wp-json\/"}],"wp:attachment":[{"href":"https:\/\/www.editiespecialapress.ro\/newtest\/wp-json\/wp\/v2\/media?parent=1883"}],"wp:term":[{"taxonomy":"category","embeddable":true,"href":"https:\/\/www.editiespecialapress.ro\/newtest\/wp-json\/wp\/v2\/categories?post=1883"},{"taxonomy":"post_tag","embeddable":true,"href":"https:\/\/www.editiespecialapress.ro\/newtest\/wp-json\/wp\/v2\/tags?post=1883"}],"curies":[{"name":"wp","href":"https:\/\/api.w.org\/{rel}","templated":true}]}}