{"id":1886,"date":"2014-12-27T19:44:50","date_gmt":"2014-12-27T19:44:50","guid":{"rendered":"http:\/\/www.editiespecialapress.ro\/?p=1886"},"modified":"2014-12-27T19:44:50","modified_gmt":"2014-12-27T19:44:50","slug":"primaria-barla-jud-arges-primar-neacsu-ion-si-angajatii-primariei","status":"publish","type":"post","link":"https:\/\/www.editiespecialapress.ro\/newtest\/2014\/12\/27\/primaria-barla-jud-arges-primar-neacsu-ion-si-angajatii-primariei\/","title":{"rendered":"Prim\u0103ria  B\u00e2rla, jud. Arge\u015f, primar Neac\u015fu Ion \u015fi angaja\u0163ii Prim\u0103riei."},"content":{"rendered":"<p>La mul\u0163i ani cu veselie, s\u0103n\u0103tate pe vecie, casa plin\u0103 de bucate, dragoste pe s\u0103turate,tot ce dori\u0163i \u015fi sus paharul! La mul\u0163i ani!<\/p>\n<p style=\"text-align: right;\"><strong>Prim\u0103ria \u00a0B\u00e2rla, jud. Arge\u015f, <\/strong><br \/>\n<strong>primar Neac\u015fu Ion \u015fi angaja\u0163ii Prim\u0103riei.\u00a0<\/strong><\/p>\n","protected":false},"excerpt":{"rendered":"<p>La mul\u0163i ani cu veselie, s\u0103n\u0103tate pe vecie, casa plin\u0103 de bucate, dragoste pe s\u0103turate,tot ce dori\u0163i \u015fi sus paharul! La mul\u0163i ani! Prim\u0103ria \u00a0B\u00e2rla, jud. Arge\u015f, primar Neac\u015fu Ion \u015fi angaja\u0163ii Prim\u0103riei.\u00a0<\/p>\n","protected":false},"author":2,"featured_media":1887,"comment_status":"closed","ping_status":"open","sticky":false,"template":"","format":"standard","meta":{"footnotes":""},"categories":[4],"tags":[],"class_list":{"0":"post-1886","1":"post","2":"type-post","3":"status-publish","4":"format-standard","5":"has-post-thumbnail","7":"category-felicitari"},"_links":{"self":[{"href":"https:\/\/www.editiespecialapress.ro\/newtest\/wp-json\/wp\/v2\/posts\/1886","targetHints":{"allow":["GET"]}}],"collection":[{"href":"https:\/\/www.editiespecialapress.ro\/newtest\/wp-json\/wp\/v2\/posts"}],"about":[{"href":"https:\/\/www.editiespecialapress.ro\/newtest\/wp-json\/wp\/v2\/types\/post"}],"author":[{"embeddable":true,"href":"https:\/\/www.editiespecialapress.ro\/newtest\/wp-json\/wp\/v2\/users\/2"}],"replies":[{"embeddable":true,"href":"https:\/\/www.editiespecialapress.ro\/newtest\/wp-json\/wp\/v2\/comments?post=1886"}],"version-history":[{"count":0,"href":"https:\/\/www.editiespecialapress.ro\/newtest\/wp-json\/wp\/v2\/posts\/1886\/revisions"}],"wp:featuredmedia":[{"embeddable":true,"href":"https:\/\/www.editiespecialapress.ro\/newtest\/wp-json\/"}],"wp:attachment":[{"href":"https:\/\/www.editiespecialapress.ro\/newtest\/wp-json\/wp\/v2\/media?parent=1886"}],"wp:term":[{"taxonomy":"category","embeddable":true,"href":"https:\/\/www.editiespecialapress.ro\/newtest\/wp-json\/wp\/v2\/categories?post=1886"},{"taxonomy":"post_tag","embeddable":true,"href":"https:\/\/www.editiespecialapress.ro\/newtest\/wp-json\/wp\/v2\/tags?post=1886"}],"curies":[{"name":"wp","href":"https:\/\/api.w.org\/{rel}","templated":true}]}}