{"id":1889,"date":"2014-12-27T19:47:48","date_gmt":"2014-12-27T19:47:48","guid":{"rendered":"http:\/\/www.editiespecialapress.ro\/?p=1889"},"modified":"2014-12-27T19:47:48","modified_gmt":"2014-12-27T19:47:48","slug":"primaria-bogati-jud-arges-primar-garleanu-ion-si-angajatii-primariei","status":"publish","type":"post","link":"https:\/\/www.editiespecialapress.ro\/newtest\/2014\/12\/27\/primaria-bogati-jud-arges-primar-garleanu-ion-si-angajatii-primariei\/","title":{"rendered":"Prim\u0103ria Boga\u0163i, jud. Arge\u015f, primar G\u00e2rleanu Ion \u015fi angaja\u0163ii Prim\u0103riei."},"content":{"rendered":"<p>Fie ca toate visele pe care le f\u0103uri\u0163i \u00een aceste zile magice s\u0103 se \u00eemplinesc\u0103 \u015fi drumul str\u0103b\u0103tut pentru realizarea lor s\u0103 v\u0103 aduc\u0103 bucurie \u00een inimi, iar \u00een case fericire \u015fi bel\u015fug. La mul\u0163i ani!<\/p>\n<p style=\"text-align: right;\"><strong>Prim\u0103ria Boga\u0163i, jud. Arge\u015f, <\/strong><br \/>\n<strong>primar G\u00e2rleanu Ion \u015fi angaja\u0163ii Prim\u0103riei.<\/strong><\/p>\n","protected":false},"excerpt":{"rendered":"<p>Fie ca toate visele pe care le f\u0103uri\u0163i \u00een aceste zile magice s\u0103 se \u00eemplinesc\u0103 \u015fi drumul str\u0103b\u0103tut pentru realizarea lor s\u0103 v\u0103 aduc\u0103 bucurie \u00een inimi, iar \u00een case fericire \u015fi bel\u015fug. La mul\u0163i ani! Prim\u0103ria Boga\u0163i, jud. Arge\u015f, primar G\u00e2rleanu Ion \u015fi angaja\u0163ii Prim\u0103riei.<\/p>\n","protected":false},"author":2,"featured_media":1890,"comment_status":"closed","ping_status":"open","sticky":false,"template":"","format":"standard","meta":{"footnotes":""},"categories":[4],"tags":[],"class_list":{"0":"post-1889","1":"post","2":"type-post","3":"status-publish","4":"format-standard","5":"has-post-thumbnail","7":"category-felicitari"},"_links":{"self":[{"href":"https:\/\/www.editiespecialapress.ro\/newtest\/wp-json\/wp\/v2\/posts\/1889","targetHints":{"allow":["GET"]}}],"collection":[{"href":"https:\/\/www.editiespecialapress.ro\/newtest\/wp-json\/wp\/v2\/posts"}],"about":[{"href":"https:\/\/www.editiespecialapress.ro\/newtest\/wp-json\/wp\/v2\/types\/post"}],"author":[{"embeddable":true,"href":"https:\/\/www.editiespecialapress.ro\/newtest\/wp-json\/wp\/v2\/users\/2"}],"replies":[{"embeddable":true,"href":"https:\/\/www.editiespecialapress.ro\/newtest\/wp-json\/wp\/v2\/comments?post=1889"}],"version-history":[{"count":0,"href":"https:\/\/www.editiespecialapress.ro\/newtest\/wp-json\/wp\/v2\/posts\/1889\/revisions"}],"wp:featuredmedia":[{"embeddable":true,"href":"https:\/\/www.editiespecialapress.ro\/newtest\/wp-json\/"}],"wp:attachment":[{"href":"https:\/\/www.editiespecialapress.ro\/newtest\/wp-json\/wp\/v2\/media?parent=1889"}],"wp:term":[{"taxonomy":"category","embeddable":true,"href":"https:\/\/www.editiespecialapress.ro\/newtest\/wp-json\/wp\/v2\/categories?post=1889"},{"taxonomy":"post_tag","embeddable":true,"href":"https:\/\/www.editiespecialapress.ro\/newtest\/wp-json\/wp\/v2\/tags?post=1889"}],"curies":[{"name":"wp","href":"https:\/\/api.w.org\/{rel}","templated":true}]}}