{"id":1892,"date":"2014-12-27T19:49:24","date_gmt":"2014-12-27T19:49:24","guid":{"rendered":"http:\/\/www.editiespecialapress.ro\/?p=1892"},"modified":"2014-12-27T19:49:24","modified_gmt":"2014-12-27T19:49:24","slug":"primaria-ungheni-jud-arges-primar-miu-iulian-si-angajatii-primariei","status":"publish","type":"post","link":"https:\/\/www.editiespecialapress.ro\/newtest\/2014\/12\/27\/primaria-ungheni-jud-arges-primar-miu-iulian-si-angajatii-primariei\/","title":{"rendered":"Prim\u0103ria Ungheni, jud. Arge\u015f, primar Miu Iulian \u015fi angaja\u0163ii Prim\u0103riei."},"content":{"rendered":"<p>E cump\u0103na dintre ani! S\u0103 privim \u00eenapoi cu iertare, \u00eenainte cu speran\u0163\u0103, \u00een jos cu \u00een\u0163elegere \u015fi \u00een sus cu recuno\u015ftin\u0163\u0103! Speran\u0163a s\u0103 v\u0103 deschid\u0103 poarta spre un An Nou plin de bucurii \u015fi \u00eempliniri. La mul\u0163i ani!<\/p>\n<p style=\"text-align: right;\"><strong>Prim\u0103ria Ungheni, jud. Arge\u015f, <\/strong><br \/>\n<strong>primar Miu Iulian \u015fi angaja\u0163ii Prim\u0103riei.\u00a0<\/strong><\/p>\n","protected":false},"excerpt":{"rendered":"<p>E cump\u0103na dintre ani! S\u0103 privim \u00eenapoi cu iertare, \u00eenainte cu speran\u0163\u0103, \u00een jos cu \u00een\u0163elegere \u015fi \u00een sus cu recuno\u015ftin\u0163\u0103! Speran\u0163a s\u0103 v\u0103 deschid\u0103 poarta spre un An Nou plin de bucurii \u015fi \u00eempliniri. La mul\u0163i ani! Prim\u0103ria Ungheni, jud. Arge\u015f, primar Miu Iulian \u015fi angaja\u0163ii Prim\u0103riei.\u00a0<\/p>\n","protected":false},"author":2,"featured_media":1893,"comment_status":"closed","ping_status":"open","sticky":false,"template":"","format":"standard","meta":{"footnotes":""},"categories":[4],"tags":[],"class_list":{"0":"post-1892","1":"post","2":"type-post","3":"status-publish","4":"format-standard","5":"has-post-thumbnail","7":"category-felicitari"},"_links":{"self":[{"href":"https:\/\/www.editiespecialapress.ro\/newtest\/wp-json\/wp\/v2\/posts\/1892","targetHints":{"allow":["GET"]}}],"collection":[{"href":"https:\/\/www.editiespecialapress.ro\/newtest\/wp-json\/wp\/v2\/posts"}],"about":[{"href":"https:\/\/www.editiespecialapress.ro\/newtest\/wp-json\/wp\/v2\/types\/post"}],"author":[{"embeddable":true,"href":"https:\/\/www.editiespecialapress.ro\/newtest\/wp-json\/wp\/v2\/users\/2"}],"replies":[{"embeddable":true,"href":"https:\/\/www.editiespecialapress.ro\/newtest\/wp-json\/wp\/v2\/comments?post=1892"}],"version-history":[{"count":0,"href":"https:\/\/www.editiespecialapress.ro\/newtest\/wp-json\/wp\/v2\/posts\/1892\/revisions"}],"wp:featuredmedia":[{"embeddable":true,"href":"https:\/\/www.editiespecialapress.ro\/newtest\/wp-json\/"}],"wp:attachment":[{"href":"https:\/\/www.editiespecialapress.ro\/newtest\/wp-json\/wp\/v2\/media?parent=1892"}],"wp:term":[{"taxonomy":"category","embeddable":true,"href":"https:\/\/www.editiespecialapress.ro\/newtest\/wp-json\/wp\/v2\/categories?post=1892"},{"taxonomy":"post_tag","embeddable":true,"href":"https:\/\/www.editiespecialapress.ro\/newtest\/wp-json\/wp\/v2\/tags?post=1892"}],"curies":[{"name":"wp","href":"https:\/\/api.w.org\/{rel}","templated":true}]}}