{"id":1895,"date":"2014-12-27T19:51:15","date_gmt":"2014-12-27T19:51:15","guid":{"rendered":"http:\/\/www.editiespecialapress.ro\/?p=1895"},"modified":"2014-12-27T19:51:15","modified_gmt":"2014-12-27T19:51:15","slug":"primaria-negrasi-jud-arges-primar-nicolae-radu-si-angajatii","status":"publish","type":"post","link":"https:\/\/www.editiespecialapress.ro\/newtest\/2014\/12\/27\/primaria-negrasi-jud-arges-primar-nicolae-radu-si-angajatii\/","title":{"rendered":"Prim\u0103ria Negra\u015fi, jud. Arge\u015f, primar Nicolae Radu \u015fi angaja\u0163ii"},"content":{"rendered":"<p>Prim\u0103riei. Deschide\u0163i-v\u0103 inima \u00een noaptea dintre ani, l\u0103sa\u0163i bucuria unui nou \u00eenceput s\u0103 v\u0103 patrund\u0103 \u00een suflet, p\u0103\u015fi\u0163i cu speran\u0163\u0103 \u015fi \u00a0\u00eencredere \u00een Noul An. La mul\u0163i ani!<\/p>\n<p style=\"text-align: right;\"><strong>Prim\u0103ria Negra\u015fi, jud. Arge\u015f,<\/strong><br \/>\n<strong> primar Nicolae Radu \u015fi angaja\u0163ii<\/strong><\/p>\n","protected":false},"excerpt":{"rendered":"<p>Prim\u0103riei. Deschide\u0163i-v\u0103 inima \u00een noaptea dintre ani, l\u0103sa\u0163i bucuria unui nou \u00eenceput s\u0103 v\u0103 patrund\u0103 \u00een suflet, p\u0103\u015fi\u0163i cu speran\u0163\u0103 \u015fi \u00a0\u00eencredere \u00een Noul An. La mul\u0163i ani! Prim\u0103ria Negra\u015fi, jud. Arge\u015f, primar Nicolae Radu \u015fi angaja\u0163ii<\/p>\n","protected":false},"author":2,"featured_media":1896,"comment_status":"closed","ping_status":"open","sticky":false,"template":"","format":"standard","meta":{"footnotes":""},"categories":[4],"tags":[],"class_list":{"0":"post-1895","1":"post","2":"type-post","3":"status-publish","4":"format-standard","5":"has-post-thumbnail","7":"category-felicitari"},"_links":{"self":[{"href":"https:\/\/www.editiespecialapress.ro\/newtest\/wp-json\/wp\/v2\/posts\/1895","targetHints":{"allow":["GET"]}}],"collection":[{"href":"https:\/\/www.editiespecialapress.ro\/newtest\/wp-json\/wp\/v2\/posts"}],"about":[{"href":"https:\/\/www.editiespecialapress.ro\/newtest\/wp-json\/wp\/v2\/types\/post"}],"author":[{"embeddable":true,"href":"https:\/\/www.editiespecialapress.ro\/newtest\/wp-json\/wp\/v2\/users\/2"}],"replies":[{"embeddable":true,"href":"https:\/\/www.editiespecialapress.ro\/newtest\/wp-json\/wp\/v2\/comments?post=1895"}],"version-history":[{"count":0,"href":"https:\/\/www.editiespecialapress.ro\/newtest\/wp-json\/wp\/v2\/posts\/1895\/revisions"}],"wp:featuredmedia":[{"embeddable":true,"href":"https:\/\/www.editiespecialapress.ro\/newtest\/wp-json\/"}],"wp:attachment":[{"href":"https:\/\/www.editiespecialapress.ro\/newtest\/wp-json\/wp\/v2\/media?parent=1895"}],"wp:term":[{"taxonomy":"category","embeddable":true,"href":"https:\/\/www.editiespecialapress.ro\/newtest\/wp-json\/wp\/v2\/categories?post=1895"},{"taxonomy":"post_tag","embeddable":true,"href":"https:\/\/www.editiespecialapress.ro\/newtest\/wp-json\/wp\/v2\/tags?post=1895"}],"curies":[{"name":"wp","href":"https:\/\/api.w.org\/{rel}","templated":true}]}}