{"id":1901,"date":"2014-12-27T19:53:40","date_gmt":"2014-12-27T19:53:40","guid":{"rendered":"http:\/\/www.editiespecialapress.ro\/?p=1901"},"modified":"2014-12-27T19:53:40","modified_gmt":"2014-12-27T19:53:40","slug":"primaria-poiana-lacului-jud-arges-primar-dumitrache-ion-si-angajatii-primariei","status":"publish","type":"post","link":"https:\/\/www.editiespecialapress.ro\/newtest\/2014\/12\/27\/primaria-poiana-lacului-jud-arges-primar-dumitrache-ion-si-angajatii-primariei\/","title":{"rendered":"Prim\u0103ria Poiana Lacului, jud. Arge\u015f, primar Dumitrache Ion \u015fi angaja\u0163ii Prim\u0103riei."},"content":{"rendered":"<p>V\u0103 dorim at\u00e2tea clipe fericite c\u00e2\u0163i fulgi de nea \u00eentr-o iarn\u0103 ca-n basme. Un an nou mai bun, cu pace \u015fi lini\u015fte \u00een suflet \u015fi cu mult\u0103 dragoste \u00een inim\u0103. La mul\u0163i ani!<\/p>\n<p style=\"text-align: right;\"><strong>Prim\u0103ria Poiana Lacului, jud. Arge\u015f, <\/strong><br \/>\n<strong>primar Dumitrache Ion \u015fi angaja\u0163ii Prim\u0103riei.\u00a0<\/strong><\/p>\n","protected":false},"excerpt":{"rendered":"<p>V\u0103 dorim at\u00e2tea clipe fericite c\u00e2\u0163i fulgi de nea \u00eentr-o iarn\u0103 ca-n basme. Un an nou mai bun, cu pace \u015fi lini\u015fte \u00een suflet \u015fi cu mult\u0103 dragoste \u00een inim\u0103. La mul\u0163i ani! Prim\u0103ria Poiana Lacului, jud. Arge\u015f, primar Dumitrache Ion \u015fi angaja\u0163ii Prim\u0103riei.\u00a0<\/p>\n","protected":false},"author":2,"featured_media":1902,"comment_status":"closed","ping_status":"open","sticky":false,"template":"","format":"standard","meta":{"footnotes":""},"categories":[4],"tags":[],"class_list":{"0":"post-1901","1":"post","2":"type-post","3":"status-publish","4":"format-standard","5":"has-post-thumbnail","7":"category-felicitari"},"_links":{"self":[{"href":"https:\/\/www.editiespecialapress.ro\/newtest\/wp-json\/wp\/v2\/posts\/1901","targetHints":{"allow":["GET"]}}],"collection":[{"href":"https:\/\/www.editiespecialapress.ro\/newtest\/wp-json\/wp\/v2\/posts"}],"about":[{"href":"https:\/\/www.editiespecialapress.ro\/newtest\/wp-json\/wp\/v2\/types\/post"}],"author":[{"embeddable":true,"href":"https:\/\/www.editiespecialapress.ro\/newtest\/wp-json\/wp\/v2\/users\/2"}],"replies":[{"embeddable":true,"href":"https:\/\/www.editiespecialapress.ro\/newtest\/wp-json\/wp\/v2\/comments?post=1901"}],"version-history":[{"count":0,"href":"https:\/\/www.editiespecialapress.ro\/newtest\/wp-json\/wp\/v2\/posts\/1901\/revisions"}],"wp:featuredmedia":[{"embeddable":true,"href":"https:\/\/www.editiespecialapress.ro\/newtest\/wp-json\/"}],"wp:attachment":[{"href":"https:\/\/www.editiespecialapress.ro\/newtest\/wp-json\/wp\/v2\/media?parent=1901"}],"wp:term":[{"taxonomy":"category","embeddable":true,"href":"https:\/\/www.editiespecialapress.ro\/newtest\/wp-json\/wp\/v2\/categories?post=1901"},{"taxonomy":"post_tag","embeddable":true,"href":"https:\/\/www.editiespecialapress.ro\/newtest\/wp-json\/wp\/v2\/tags?post=1901"}],"curies":[{"name":"wp","href":"https:\/\/api.w.org\/{rel}","templated":true}]}}