{"id":1904,"date":"2014-12-27T19:55:15","date_gmt":"2014-12-27T19:55:15","guid":{"rendered":"http:\/\/www.editiespecialapress.ro\/?p=1904"},"modified":"2014-12-27T19:55:15","modified_gmt":"2014-12-27T19:55:15","slug":"primaria-valea-iasului-jud-arges-primar-barbu-nicolae-si-angajatii-primariei","status":"publish","type":"post","link":"https:\/\/www.editiespecialapress.ro\/newtest\/2014\/12\/27\/primaria-valea-iasului-jud-arges-primar-barbu-nicolae-si-angajatii-primariei\/","title":{"rendered":"Prim\u0103ria Valea Ia\u015fului, jud. Arge\u015f, primar Barbu Nicolae \u015fi angaja\u0163ii Prim\u0103riei."},"content":{"rendered":"<p>Noul an se a\u015fterne \u00eenaintea noastr\u0103 ca un volum nescris cu 365 de pagini goale. V\u0103 ur\u0103m s\u0103 le scrie\u0163i numai cu lucruri bune, \u00eempliniri \u015fi fericire pentru ca la sf\u00e2r\u015fitul volumului s\u0103-l citi\u0163i cu bucurie. La mul\u0163i ani!<\/p>\n<p style=\"text-align: right;\"><strong>Prim\u0103ria Valea Ia\u015fului, jud. Arge\u015f, <\/strong><br \/>\n<strong>primar Barbu Nicolae \u015fi angaja\u0163ii Prim\u0103riei.\u00a0<\/strong><\/p>\n","protected":false},"excerpt":{"rendered":"<p>Noul an se a\u015fterne \u00eenaintea noastr\u0103 ca un volum nescris cu 365 de pagini goale. V\u0103 ur\u0103m s\u0103 le scrie\u0163i numai cu lucruri bune, \u00eempliniri \u015fi fericire pentru ca la sf\u00e2r\u015fitul volumului s\u0103-l citi\u0163i cu bucurie. La mul\u0163i ani! Prim\u0103ria Valea Ia\u015fului, jud. Arge\u015f, primar Barbu Nicolae \u015fi angaja\u0163ii Prim\u0103riei.\u00a0<\/p>\n","protected":false},"author":2,"featured_media":1905,"comment_status":"closed","ping_status":"open","sticky":false,"template":"","format":"standard","meta":{"footnotes":""},"categories":[4],"tags":[],"class_list":{"0":"post-1904","1":"post","2":"type-post","3":"status-publish","4":"format-standard","5":"has-post-thumbnail","7":"category-felicitari"},"_links":{"self":[{"href":"https:\/\/www.editiespecialapress.ro\/newtest\/wp-json\/wp\/v2\/posts\/1904","targetHints":{"allow":["GET"]}}],"collection":[{"href":"https:\/\/www.editiespecialapress.ro\/newtest\/wp-json\/wp\/v2\/posts"}],"about":[{"href":"https:\/\/www.editiespecialapress.ro\/newtest\/wp-json\/wp\/v2\/types\/post"}],"author":[{"embeddable":true,"href":"https:\/\/www.editiespecialapress.ro\/newtest\/wp-json\/wp\/v2\/users\/2"}],"replies":[{"embeddable":true,"href":"https:\/\/www.editiespecialapress.ro\/newtest\/wp-json\/wp\/v2\/comments?post=1904"}],"version-history":[{"count":0,"href":"https:\/\/www.editiespecialapress.ro\/newtest\/wp-json\/wp\/v2\/posts\/1904\/revisions"}],"wp:featuredmedia":[{"embeddable":true,"href":"https:\/\/www.editiespecialapress.ro\/newtest\/wp-json\/"}],"wp:attachment":[{"href":"https:\/\/www.editiespecialapress.ro\/newtest\/wp-json\/wp\/v2\/media?parent=1904"}],"wp:term":[{"taxonomy":"category","embeddable":true,"href":"https:\/\/www.editiespecialapress.ro\/newtest\/wp-json\/wp\/v2\/categories?post=1904"},{"taxonomy":"post_tag","embeddable":true,"href":"https:\/\/www.editiespecialapress.ro\/newtest\/wp-json\/wp\/v2\/tags?post=1904"}],"curies":[{"name":"wp","href":"https:\/\/api.w.org\/{rel}","templated":true}]}}