{"id":1910,"date":"2014-12-27T19:58:29","date_gmt":"2014-12-27T19:58:29","guid":{"rendered":"http:\/\/www.editiespecialapress.ro\/?p=1910"},"modified":"2014-12-27T19:58:29","modified_gmt":"2014-12-27T19:58:29","slug":"primaria-bascov-jud-arges-primar-stancu-gheorghe-si-angajatii-primariei","status":"publish","type":"post","link":"https:\/\/www.editiespecialapress.ro\/newtest\/2014\/12\/27\/primaria-bascov-jud-arges-primar-stancu-gheorghe-si-angajatii-primariei\/","title":{"rendered":"Prim\u0103ria  Bascov, jud. Arge\u015f, primar Stancu Gheorghe \u015fi angaja\u0163ii Prim\u0103riei."},"content":{"rendered":"<p>Cheile mici deschid u\u015fi imense, cuvinte simple exprim\u0103 g\u00e2nduri alese, z\u00e2mbetele voastre vindec\u0103 inimi triste, a\u015fa c\u0103 z\u00e2mbi\u0163i \u00een continuare ca s\u0103 nu umplem batiste. Un An Nou fericit! La mul\u0163i ani!<\/p>\n<p style=\"text-align: right;\"><strong>Prim\u0103ria \u00a0Bascov, jud. Arge\u015f, <\/strong><br \/>\n<strong>primar Stancu Gheorghe \u015fi angaja\u0163ii Prim\u0103riei.<\/strong><\/p>\n","protected":false},"excerpt":{"rendered":"<p>Cheile mici deschid u\u015fi imense, cuvinte simple exprim\u0103 g\u00e2nduri alese, z\u00e2mbetele voastre vindec\u0103 inimi triste, a\u015fa c\u0103 z\u00e2mbi\u0163i \u00een continuare ca s\u0103 nu umplem batiste. Un An Nou fericit! La mul\u0163i ani! Prim\u0103ria \u00a0Bascov, jud. Arge\u015f, primar Stancu Gheorghe \u015fi angaja\u0163ii Prim\u0103riei.<\/p>\n","protected":false},"author":2,"featured_media":1911,"comment_status":"closed","ping_status":"open","sticky":false,"template":"","format":"standard","meta":{"footnotes":""},"categories":[4],"tags":[],"class_list":{"0":"post-1910","1":"post","2":"type-post","3":"status-publish","4":"format-standard","5":"has-post-thumbnail","7":"category-felicitari"},"_links":{"self":[{"href":"https:\/\/www.editiespecialapress.ro\/newtest\/wp-json\/wp\/v2\/posts\/1910","targetHints":{"allow":["GET"]}}],"collection":[{"href":"https:\/\/www.editiespecialapress.ro\/newtest\/wp-json\/wp\/v2\/posts"}],"about":[{"href":"https:\/\/www.editiespecialapress.ro\/newtest\/wp-json\/wp\/v2\/types\/post"}],"author":[{"embeddable":true,"href":"https:\/\/www.editiespecialapress.ro\/newtest\/wp-json\/wp\/v2\/users\/2"}],"replies":[{"embeddable":true,"href":"https:\/\/www.editiespecialapress.ro\/newtest\/wp-json\/wp\/v2\/comments?post=1910"}],"version-history":[{"count":0,"href":"https:\/\/www.editiespecialapress.ro\/newtest\/wp-json\/wp\/v2\/posts\/1910\/revisions"}],"wp:featuredmedia":[{"embeddable":true,"href":"https:\/\/www.editiespecialapress.ro\/newtest\/wp-json\/"}],"wp:attachment":[{"href":"https:\/\/www.editiespecialapress.ro\/newtest\/wp-json\/wp\/v2\/media?parent=1910"}],"wp:term":[{"taxonomy":"category","embeddable":true,"href":"https:\/\/www.editiespecialapress.ro\/newtest\/wp-json\/wp\/v2\/categories?post=1910"},{"taxonomy":"post_tag","embeddable":true,"href":"https:\/\/www.editiespecialapress.ro\/newtest\/wp-json\/wp\/v2\/tags?post=1910"}],"curies":[{"name":"wp","href":"https:\/\/api.w.org\/{rel}","templated":true}]}}