{"id":1913,"date":"2014-12-27T20:00:01","date_gmt":"2014-12-27T20:00:01","guid":{"rendered":"http:\/\/www.editiespecialapress.ro\/?p=1913"},"modified":"2014-12-27T20:00:01","modified_gmt":"2014-12-27T20:00:01","slug":"primaria-arefu-jud-arges-primar-stoican-gheorghe-si-angajatii-primariei","status":"publish","type":"post","link":"https:\/\/www.editiespecialapress.ro\/newtest\/2014\/12\/27\/primaria-arefu-jud-arges-primar-stoican-gheorghe-si-angajatii-primariei\/","title":{"rendered":"Prim\u0103ria  Arefu, jud. Arge\u015f, primar Stoican Gheorghe \u015fi angaja\u0163ii Prim\u0103riei."},"content":{"rendered":"<p>Fie ca Anul Nou s\u0103 v\u0103 aduc\u0103 mai multe z\u00e2mbete dec\u00e2t \u00eempotriviri, mai multe reu\u015fite dec\u00e2t \u00eenfr\u00e2ngeri \u015fi mai multe \u00eempliniri dec\u00e2t v-a\u0163i g\u00e2ndit vreodat\u0103. La mul\u0163i ani!<\/p>\n<p style=\"text-align: right;\"><strong>Prim\u0103ria \u00a0Arefu, jud. Arge\u015f, <\/strong><br \/>\n<strong>primar Stoican Gheorghe \u015fi angaja\u0163ii Prim\u0103riei.\u00a0<\/strong><\/p>\n","protected":false},"excerpt":{"rendered":"<p>Fie ca Anul Nou s\u0103 v\u0103 aduc\u0103 mai multe z\u00e2mbete dec\u00e2t \u00eempotriviri, mai multe reu\u015fite dec\u00e2t \u00eenfr\u00e2ngeri \u015fi mai multe \u00eempliniri dec\u00e2t v-a\u0163i g\u00e2ndit vreodat\u0103. La mul\u0163i ani! Prim\u0103ria \u00a0Arefu, jud. Arge\u015f, primar Stoican Gheorghe \u015fi angaja\u0163ii Prim\u0103riei.\u00a0<\/p>\n","protected":false},"author":2,"featured_media":1914,"comment_status":"closed","ping_status":"open","sticky":false,"template":"","format":"standard","meta":{"footnotes":""},"categories":[4],"tags":[],"class_list":{"0":"post-1913","1":"post","2":"type-post","3":"status-publish","4":"format-standard","5":"has-post-thumbnail","7":"category-felicitari"},"_links":{"self":[{"href":"https:\/\/www.editiespecialapress.ro\/newtest\/wp-json\/wp\/v2\/posts\/1913","targetHints":{"allow":["GET"]}}],"collection":[{"href":"https:\/\/www.editiespecialapress.ro\/newtest\/wp-json\/wp\/v2\/posts"}],"about":[{"href":"https:\/\/www.editiespecialapress.ro\/newtest\/wp-json\/wp\/v2\/types\/post"}],"author":[{"embeddable":true,"href":"https:\/\/www.editiespecialapress.ro\/newtest\/wp-json\/wp\/v2\/users\/2"}],"replies":[{"embeddable":true,"href":"https:\/\/www.editiespecialapress.ro\/newtest\/wp-json\/wp\/v2\/comments?post=1913"}],"version-history":[{"count":0,"href":"https:\/\/www.editiespecialapress.ro\/newtest\/wp-json\/wp\/v2\/posts\/1913\/revisions"}],"wp:featuredmedia":[{"embeddable":true,"href":"https:\/\/www.editiespecialapress.ro\/newtest\/wp-json\/"}],"wp:attachment":[{"href":"https:\/\/www.editiespecialapress.ro\/newtest\/wp-json\/wp\/v2\/media?parent=1913"}],"wp:term":[{"taxonomy":"category","embeddable":true,"href":"https:\/\/www.editiespecialapress.ro\/newtest\/wp-json\/wp\/v2\/categories?post=1913"},{"taxonomy":"post_tag","embeddable":true,"href":"https:\/\/www.editiespecialapress.ro\/newtest\/wp-json\/wp\/v2\/tags?post=1913"}],"curies":[{"name":"wp","href":"https:\/\/api.w.org\/{rel}","templated":true}]}}