{"id":1916,"date":"2014-12-27T20:01:30","date_gmt":"2014-12-27T20:01:30","guid":{"rendered":"http:\/\/www.editiespecialapress.ro\/?p=1916"},"modified":"2014-12-27T20:01:30","modified_gmt":"2014-12-27T20:01:30","slug":"primaria-cateasca-jud-arges-primar-nastase-liviu-florian-si-angajatii-primariei","status":"publish","type":"post","link":"https:\/\/www.editiespecialapress.ro\/newtest\/2014\/12\/27\/primaria-cateasca-jud-arges-primar-nastase-liviu-florian-si-angajatii-primariei\/","title":{"rendered":"Prim\u0103ria  C\u0103teasca, jud. Arge\u015f, primar N\u0103stase Liviu Florian \u015fi angaja\u0163ii Prim\u0103riei."},"content":{"rendered":"<p>La mul\u0163i ani ferici\u0163i, cu mult\u0103 s\u0103n\u0103tate, lumin\u0103 \u015fi \u00eempliniri \u015fi, mai ales, s\u0103 v\u0103 ajute Dumnezeu \u00een toate! Un an nou plin de bucurii! La mul\u0163i ani!<\/p>\n<p style=\"text-align: right;\"><strong>Prim\u0103ria \u00a0C\u0103teasca, jud. Arge\u015f, <\/strong><br \/>\n<strong>primar N\u0103stase Liviu Florian \u015fi angaja\u0163ii Prim\u0103riei.\u00a0<\/strong><\/p>\n","protected":false},"excerpt":{"rendered":"<p>La mul\u0163i ani ferici\u0163i, cu mult\u0103 s\u0103n\u0103tate, lumin\u0103 \u015fi \u00eempliniri \u015fi, mai ales, s\u0103 v\u0103 ajute Dumnezeu \u00een toate! Un an nou plin de bucurii! La mul\u0163i ani! Prim\u0103ria \u00a0C\u0103teasca, jud. Arge\u015f, primar N\u0103stase Liviu Florian \u015fi angaja\u0163ii Prim\u0103riei.\u00a0<\/p>\n","protected":false},"author":2,"featured_media":1917,"comment_status":"closed","ping_status":"open","sticky":false,"template":"","format":"standard","meta":{"footnotes":""},"categories":[4],"tags":[],"class_list":{"0":"post-1916","1":"post","2":"type-post","3":"status-publish","4":"format-standard","5":"has-post-thumbnail","7":"category-felicitari"},"_links":{"self":[{"href":"https:\/\/www.editiespecialapress.ro\/newtest\/wp-json\/wp\/v2\/posts\/1916","targetHints":{"allow":["GET"]}}],"collection":[{"href":"https:\/\/www.editiespecialapress.ro\/newtest\/wp-json\/wp\/v2\/posts"}],"about":[{"href":"https:\/\/www.editiespecialapress.ro\/newtest\/wp-json\/wp\/v2\/types\/post"}],"author":[{"embeddable":true,"href":"https:\/\/www.editiespecialapress.ro\/newtest\/wp-json\/wp\/v2\/users\/2"}],"replies":[{"embeddable":true,"href":"https:\/\/www.editiespecialapress.ro\/newtest\/wp-json\/wp\/v2\/comments?post=1916"}],"version-history":[{"count":0,"href":"https:\/\/www.editiespecialapress.ro\/newtest\/wp-json\/wp\/v2\/posts\/1916\/revisions"}],"wp:featuredmedia":[{"embeddable":true,"href":"https:\/\/www.editiespecialapress.ro\/newtest\/wp-json\/"}],"wp:attachment":[{"href":"https:\/\/www.editiespecialapress.ro\/newtest\/wp-json\/wp\/v2\/media?parent=1916"}],"wp:term":[{"taxonomy":"category","embeddable":true,"href":"https:\/\/www.editiespecialapress.ro\/newtest\/wp-json\/wp\/v2\/categories?post=1916"},{"taxonomy":"post_tag","embeddable":true,"href":"https:\/\/www.editiespecialapress.ro\/newtest\/wp-json\/wp\/v2\/tags?post=1916"}],"curies":[{"name":"wp","href":"https:\/\/api.w.org\/{rel}","templated":true}]}}