{"id":1919,"date":"2014-12-27T20:03:37","date_gmt":"2014-12-27T20:03:37","guid":{"rendered":"http:\/\/www.editiespecialapress.ro\/?p=1919"},"modified":"2014-12-27T20:03:37","modified_gmt":"2014-12-27T20:03:37","slug":"primaria-dambovicioara-jud-arges-primar-secareanu-dumitru-si-angajatii-primariei","status":"publish","type":"post","link":"https:\/\/www.editiespecialapress.ro\/newtest\/2014\/12\/27\/primaria-dambovicioara-jud-arges-primar-secareanu-dumitru-si-angajatii-primariei\/","title":{"rendered":"Prim\u0103ria  D\u00e2mbovicioara, jud. Arge\u015f, primar Sec\u0103reanu Dumitru  \u015fi angaja\u0163ii Prim\u0103riei."},"content":{"rendered":"<p>V\u0103 ur\u0103m o s\u0103rb\u0103toare plin\u0103 de pace, o petrecere de neuitat \u015fi \u00eemplinirea celor mai \u00eendr\u0103zne\u0163e vise pentru anul care vine. La mul\u0163i ani!<\/p>\n<p style=\"text-align: right;\"><strong>Prim\u0103ria \u00a0D\u00e2mbovicioara, jud. Arge\u015f, <\/strong><br \/>\n<strong>primar Sec\u0103reanu Dumitru \u00a0\u015fi angaja\u0163ii Prim\u0103riei.\u00a0<\/strong><\/p>\n","protected":false},"excerpt":{"rendered":"<p>V\u0103 ur\u0103m o s\u0103rb\u0103toare plin\u0103 de pace, o petrecere de neuitat \u015fi \u00eemplinirea celor mai \u00eendr\u0103zne\u0163e vise pentru anul care vine. La mul\u0163i ani! Prim\u0103ria \u00a0D\u00e2mbovicioara, jud. Arge\u015f, primar Sec\u0103reanu Dumitru \u00a0\u015fi angaja\u0163ii Prim\u0103riei.\u00a0<\/p>\n","protected":false},"author":2,"featured_media":1920,"comment_status":"closed","ping_status":"open","sticky":false,"template":"","format":"standard","meta":{"footnotes":""},"categories":[4],"tags":[],"class_list":{"0":"post-1919","1":"post","2":"type-post","3":"status-publish","4":"format-standard","5":"has-post-thumbnail","7":"category-felicitari"},"_links":{"self":[{"href":"https:\/\/www.editiespecialapress.ro\/newtest\/wp-json\/wp\/v2\/posts\/1919","targetHints":{"allow":["GET"]}}],"collection":[{"href":"https:\/\/www.editiespecialapress.ro\/newtest\/wp-json\/wp\/v2\/posts"}],"about":[{"href":"https:\/\/www.editiespecialapress.ro\/newtest\/wp-json\/wp\/v2\/types\/post"}],"author":[{"embeddable":true,"href":"https:\/\/www.editiespecialapress.ro\/newtest\/wp-json\/wp\/v2\/users\/2"}],"replies":[{"embeddable":true,"href":"https:\/\/www.editiespecialapress.ro\/newtest\/wp-json\/wp\/v2\/comments?post=1919"}],"version-history":[{"count":0,"href":"https:\/\/www.editiespecialapress.ro\/newtest\/wp-json\/wp\/v2\/posts\/1919\/revisions"}],"wp:featuredmedia":[{"embeddable":true,"href":"https:\/\/www.editiespecialapress.ro\/newtest\/wp-json\/"}],"wp:attachment":[{"href":"https:\/\/www.editiespecialapress.ro\/newtest\/wp-json\/wp\/v2\/media?parent=1919"}],"wp:term":[{"taxonomy":"category","embeddable":true,"href":"https:\/\/www.editiespecialapress.ro\/newtest\/wp-json\/wp\/v2\/categories?post=1919"},{"taxonomy":"post_tag","embeddable":true,"href":"https:\/\/www.editiespecialapress.ro\/newtest\/wp-json\/wp\/v2\/tags?post=1919"}],"curies":[{"name":"wp","href":"https:\/\/api.w.org\/{rel}","templated":true}]}}