{"id":1922,"date":"2014-12-27T20:04:58","date_gmt":"2014-12-27T20:04:58","guid":{"rendered":"http:\/\/www.editiespecialapress.ro\/?p=1922"},"modified":"2014-12-27T20:04:58","modified_gmt":"2014-12-27T20:04:58","slug":"primaria-merisani-jud-arges-primar-ionescu-marius-luigi-si-angajatii","status":"publish","type":"post","link":"https:\/\/www.editiespecialapress.ro\/newtest\/2014\/12\/27\/primaria-merisani-jud-arges-primar-ionescu-marius-luigi-si-angajatii\/","title":{"rendered":"Prim\u0103ria  Meri\u015fani, jud. Arge\u015f, primar  Ionescu Marius Luigi \u015fi angaja\u0163ii"},"content":{"rendered":"<p>Prim\u0103riei. G\u00e2ndi\u0163i-v\u0103 la trecerea dintre ani ca la o poart\u0103. Pute\u0163i s\u0103 trece\u0163i prin aceast\u0103 poart\u0103 \u00een Noul An \u015fi s\u0103 lua\u0163i cu voi doar lucrurile \u015fi g\u00e2ndurile bune. La mul\u0163i ani!<\/p>\n<p style=\"text-align: right;\"><strong>Prim\u0103ria \u00a0Meri\u015fani, jud. Arge\u015f, <\/strong><br \/>\n<strong>primar \u00a0Ionescu Marius Luigi \u015fi angaja\u0163ii\u00a0<\/strong><\/p>\n","protected":false},"excerpt":{"rendered":"<p>Prim\u0103riei. G\u00e2ndi\u0163i-v\u0103 la trecerea dintre ani ca la o poart\u0103. Pute\u0163i s\u0103 trece\u0163i prin aceast\u0103 poart\u0103 \u00een Noul An \u015fi s\u0103 lua\u0163i cu voi doar lucrurile \u015fi g\u00e2ndurile bune. La mul\u0163i ani! Prim\u0103ria \u00a0Meri\u015fani, jud. Arge\u015f, primar \u00a0Ionescu Marius Luigi \u015fi angaja\u0163ii\u00a0<\/p>\n","protected":false},"author":2,"featured_media":1923,"comment_status":"closed","ping_status":"open","sticky":false,"template":"","format":"standard","meta":{"footnotes":""},"categories":[4],"tags":[],"class_list":{"0":"post-1922","1":"post","2":"type-post","3":"status-publish","4":"format-standard","5":"has-post-thumbnail","7":"category-felicitari"},"_links":{"self":[{"href":"https:\/\/www.editiespecialapress.ro\/newtest\/wp-json\/wp\/v2\/posts\/1922","targetHints":{"allow":["GET"]}}],"collection":[{"href":"https:\/\/www.editiespecialapress.ro\/newtest\/wp-json\/wp\/v2\/posts"}],"about":[{"href":"https:\/\/www.editiespecialapress.ro\/newtest\/wp-json\/wp\/v2\/types\/post"}],"author":[{"embeddable":true,"href":"https:\/\/www.editiespecialapress.ro\/newtest\/wp-json\/wp\/v2\/users\/2"}],"replies":[{"embeddable":true,"href":"https:\/\/www.editiespecialapress.ro\/newtest\/wp-json\/wp\/v2\/comments?post=1922"}],"version-history":[{"count":0,"href":"https:\/\/www.editiespecialapress.ro\/newtest\/wp-json\/wp\/v2\/posts\/1922\/revisions"}],"wp:featuredmedia":[{"embeddable":true,"href":"https:\/\/www.editiespecialapress.ro\/newtest\/wp-json\/"}],"wp:attachment":[{"href":"https:\/\/www.editiespecialapress.ro\/newtest\/wp-json\/wp\/v2\/media?parent=1922"}],"wp:term":[{"taxonomy":"category","embeddable":true,"href":"https:\/\/www.editiespecialapress.ro\/newtest\/wp-json\/wp\/v2\/categories?post=1922"},{"taxonomy":"post_tag","embeddable":true,"href":"https:\/\/www.editiespecialapress.ro\/newtest\/wp-json\/wp\/v2\/tags?post=1922"}],"curies":[{"name":"wp","href":"https:\/\/api.w.org\/{rel}","templated":true}]}}