{"id":1925,"date":"2014-12-27T20:06:11","date_gmt":"2014-12-27T20:06:11","guid":{"rendered":"http:\/\/www.editiespecialapress.ro\/?p=1925"},"modified":"2014-12-27T20:06:11","modified_gmt":"2014-12-27T20:06:11","slug":"primaria-cepari-jud-arges-primar-minculete-gheorghe-si-angajatii-primariei","status":"publish","type":"post","link":"https:\/\/www.editiespecialapress.ro\/newtest\/2014\/12\/27\/primaria-cepari-jud-arges-primar-minculete-gheorghe-si-angajatii-primariei\/","title":{"rendered":"Prim\u0103ria  Cepari, jud. Arge\u015f, primar Minculete Gheorghe \u015fi angaja\u0163ii Prim\u0103riei."},"content":{"rendered":"<p>C\u00e2nd ultimele file cad din mii de calendare, se aprind stelu\u0163e-n crengi de brad ca semne de urare. C\u00e2nd to\u0163i ureaz\u0103 celor dragi cuvinte de m\u0103rire, venim \u015fi noi s\u0103 v\u0103 ur\u0103m: La mul\u0163i ani mult, noroc \u015fi mult\u0103, mult\u0103 fericire!!<\/p>\n<p style=\"text-align: right;\"><strong>Prim\u0103ria \u00a0Cepari, jud. Arge\u015f, <\/strong><br \/>\n<strong>primar Minculete Gheorghe \u015fi angaja\u0163ii Prim\u0103riei.\u00a0<\/strong><\/p>\n","protected":false},"excerpt":{"rendered":"<p>C\u00e2nd ultimele file cad din mii de calendare, se aprind stelu\u0163e-n crengi de brad ca semne de urare. C\u00e2nd to\u0163i ureaz\u0103 celor dragi cuvinte de m\u0103rire, venim \u015fi noi s\u0103 v\u0103 ur\u0103m: La mul\u0163i ani mult, noroc \u015fi mult\u0103, mult\u0103 fericire!! Prim\u0103ria \u00a0Cepari, jud. Arge\u015f, primar Minculete Gheorghe \u015fi angaja\u0163ii Prim\u0103riei.\u00a0<\/p>\n","protected":false},"author":2,"featured_media":1926,"comment_status":"closed","ping_status":"open","sticky":false,"template":"","format":"standard","meta":{"footnotes":""},"categories":[4],"tags":[],"class_list":{"0":"post-1925","1":"post","2":"type-post","3":"status-publish","4":"format-standard","5":"has-post-thumbnail","7":"category-felicitari"},"_links":{"self":[{"href":"https:\/\/www.editiespecialapress.ro\/newtest\/wp-json\/wp\/v2\/posts\/1925","targetHints":{"allow":["GET"]}}],"collection":[{"href":"https:\/\/www.editiespecialapress.ro\/newtest\/wp-json\/wp\/v2\/posts"}],"about":[{"href":"https:\/\/www.editiespecialapress.ro\/newtest\/wp-json\/wp\/v2\/types\/post"}],"author":[{"embeddable":true,"href":"https:\/\/www.editiespecialapress.ro\/newtest\/wp-json\/wp\/v2\/users\/2"}],"replies":[{"embeddable":true,"href":"https:\/\/www.editiespecialapress.ro\/newtest\/wp-json\/wp\/v2\/comments?post=1925"}],"version-history":[{"count":0,"href":"https:\/\/www.editiespecialapress.ro\/newtest\/wp-json\/wp\/v2\/posts\/1925\/revisions"}],"wp:featuredmedia":[{"embeddable":true,"href":"https:\/\/www.editiespecialapress.ro\/newtest\/wp-json\/"}],"wp:attachment":[{"href":"https:\/\/www.editiespecialapress.ro\/newtest\/wp-json\/wp\/v2\/media?parent=1925"}],"wp:term":[{"taxonomy":"category","embeddable":true,"href":"https:\/\/www.editiespecialapress.ro\/newtest\/wp-json\/wp\/v2\/categories?post=1925"},{"taxonomy":"post_tag","embeddable":true,"href":"https:\/\/www.editiespecialapress.ro\/newtest\/wp-json\/wp\/v2\/tags?post=1925"}],"curies":[{"name":"wp","href":"https:\/\/api.w.org\/{rel}","templated":true}]}}