{"id":1928,"date":"2014-12-27T20:07:46","date_gmt":"2014-12-27T20:07:46","guid":{"rendered":"http:\/\/www.editiespecialapress.ro\/?p=1928"},"modified":"2014-12-27T20:07:46","modified_gmt":"2014-12-27T20:07:46","slug":"primaria-pietrosani-jud-arges-primar-patru-eugeniu-si-angajatii-primariei","status":"publish","type":"post","link":"https:\/\/www.editiespecialapress.ro\/newtest\/2014\/12\/27\/primaria-pietrosani-jud-arges-primar-patru-eugeniu-si-angajatii-primariei\/","title":{"rendered":"Prim\u0103ria  Pietro\u015fani, jud. Arge\u015f, primar P\u0103tru Eugeniu \u015fi angaja\u0163ii Prim\u0103riei."},"content":{"rendered":"<p>Mult bel\u015fug \u00een cas\u0103, p\u00e2inea mai gustoas\u0103, datorii pu\u0163ine \u00een anul care vine. Pace-n inimi, rod bogat, bucurie, g\u00e2nd curat. Din a voastr\u0103 cas\u0103 binele s\u0103 nu mai ias\u0103. La mul\u0163i ani!<\/p>\n<p style=\"text-align: right;\"><strong>Prim\u0103ria \u00a0Pietro\u015fani, jud. Arge\u015f, <\/strong><br \/>\n<strong>primar P\u0103tru Eugeniu \u015fi angaja\u0163ii Prim\u0103riei.<\/strong><\/p>\n","protected":false},"excerpt":{"rendered":"<p>Mult bel\u015fug \u00een cas\u0103, p\u00e2inea mai gustoas\u0103, datorii pu\u0163ine \u00een anul care vine. Pace-n inimi, rod bogat, bucurie, g\u00e2nd curat. Din a voastr\u0103 cas\u0103 binele s\u0103 nu mai ias\u0103. La mul\u0163i ani! Prim\u0103ria \u00a0Pietro\u015fani, jud. Arge\u015f, primar P\u0103tru Eugeniu \u015fi angaja\u0163ii Prim\u0103riei.<\/p>\n","protected":false},"author":2,"featured_media":1929,"comment_status":"closed","ping_status":"open","sticky":false,"template":"","format":"standard","meta":{"footnotes":""},"categories":[4],"tags":[],"class_list":{"0":"post-1928","1":"post","2":"type-post","3":"status-publish","4":"format-standard","5":"has-post-thumbnail","7":"category-felicitari"},"_links":{"self":[{"href":"https:\/\/www.editiespecialapress.ro\/newtest\/wp-json\/wp\/v2\/posts\/1928","targetHints":{"allow":["GET"]}}],"collection":[{"href":"https:\/\/www.editiespecialapress.ro\/newtest\/wp-json\/wp\/v2\/posts"}],"about":[{"href":"https:\/\/www.editiespecialapress.ro\/newtest\/wp-json\/wp\/v2\/types\/post"}],"author":[{"embeddable":true,"href":"https:\/\/www.editiespecialapress.ro\/newtest\/wp-json\/wp\/v2\/users\/2"}],"replies":[{"embeddable":true,"href":"https:\/\/www.editiespecialapress.ro\/newtest\/wp-json\/wp\/v2\/comments?post=1928"}],"version-history":[{"count":0,"href":"https:\/\/www.editiespecialapress.ro\/newtest\/wp-json\/wp\/v2\/posts\/1928\/revisions"}],"wp:featuredmedia":[{"embeddable":true,"href":"https:\/\/www.editiespecialapress.ro\/newtest\/wp-json\/"}],"wp:attachment":[{"href":"https:\/\/www.editiespecialapress.ro\/newtest\/wp-json\/wp\/v2\/media?parent=1928"}],"wp:term":[{"taxonomy":"category","embeddable":true,"href":"https:\/\/www.editiespecialapress.ro\/newtest\/wp-json\/wp\/v2\/categories?post=1928"},{"taxonomy":"post_tag","embeddable":true,"href":"https:\/\/www.editiespecialapress.ro\/newtest\/wp-json\/wp\/v2\/tags?post=1928"}],"curies":[{"name":"wp","href":"https:\/\/api.w.org\/{rel}","templated":true}]}}