{"id":1931,"date":"2014-12-27T20:09:10","date_gmt":"2014-12-27T20:09:10","guid":{"rendered":"http:\/\/www.editiespecialapress.ro\/?p=1931"},"modified":"2014-12-27T20:09:10","modified_gmt":"2014-12-27T20:09:10","slug":"primaria-darmanesti-jud-arges-primar-ciolan-emilian-si-angajatii-primariei","status":"publish","type":"post","link":"https:\/\/www.editiespecialapress.ro\/newtest\/2014\/12\/27\/primaria-darmanesti-jud-arges-primar-ciolan-emilian-si-angajatii-primariei\/","title":{"rendered":"Prim\u0103ria  D\u00e2rm\u0103ne\u015fti, jud. Arge\u015f, primar Ciolan Emilian \u015fi angaja\u0163ii Prim\u0103riei."},"content":{"rendered":"<p>Trece\u0163i peste ce-a fost, crede\u0163i cu adev\u0103rat \u00een voi. Anul Nou e o carte deschis\u0103 cu re\u0163etele succesului, alege\u0163i ce vi se potrive\u015fte \u015fi porni\u0163i la drum cu \u00eencredere! O via\u0163\u0103 \u00eemplinit\u0103 \u015fi fericit\u0103! La mul\u0163i ani!<\/p>\n<p style=\"text-align: right;\"><strong>Prim\u0103ria \u00a0D\u00e2rm\u0103ne\u015fti, jud. Arge\u015f, <\/strong><br \/>\n<strong>primar Ciolan Emilian \u015fi angaja\u0163ii Prim\u0103riei<\/strong>.<\/p>\n","protected":false},"excerpt":{"rendered":"<p>Trece\u0163i peste ce-a fost, crede\u0163i cu adev\u0103rat \u00een voi. Anul Nou e o carte deschis\u0103 cu re\u0163etele succesului, alege\u0163i ce vi se potrive\u015fte \u015fi porni\u0163i la drum cu \u00eencredere! O via\u0163\u0103 \u00eemplinit\u0103 \u015fi fericit\u0103! La mul\u0163i ani! Prim\u0103ria \u00a0D\u00e2rm\u0103ne\u015fti, jud. Arge\u015f, primar Ciolan Emilian \u015fi angaja\u0163ii Prim\u0103riei.<\/p>\n","protected":false},"author":2,"featured_media":1932,"comment_status":"closed","ping_status":"open","sticky":false,"template":"","format":"standard","meta":{"footnotes":""},"categories":[4],"tags":[],"class_list":{"0":"post-1931","1":"post","2":"type-post","3":"status-publish","4":"format-standard","5":"has-post-thumbnail","7":"category-felicitari"},"_links":{"self":[{"href":"https:\/\/www.editiespecialapress.ro\/newtest\/wp-json\/wp\/v2\/posts\/1931","targetHints":{"allow":["GET"]}}],"collection":[{"href":"https:\/\/www.editiespecialapress.ro\/newtest\/wp-json\/wp\/v2\/posts"}],"about":[{"href":"https:\/\/www.editiespecialapress.ro\/newtest\/wp-json\/wp\/v2\/types\/post"}],"author":[{"embeddable":true,"href":"https:\/\/www.editiespecialapress.ro\/newtest\/wp-json\/wp\/v2\/users\/2"}],"replies":[{"embeddable":true,"href":"https:\/\/www.editiespecialapress.ro\/newtest\/wp-json\/wp\/v2\/comments?post=1931"}],"version-history":[{"count":0,"href":"https:\/\/www.editiespecialapress.ro\/newtest\/wp-json\/wp\/v2\/posts\/1931\/revisions"}],"wp:featuredmedia":[{"embeddable":true,"href":"https:\/\/www.editiespecialapress.ro\/newtest\/wp-json\/"}],"wp:attachment":[{"href":"https:\/\/www.editiespecialapress.ro\/newtest\/wp-json\/wp\/v2\/media?parent=1931"}],"wp:term":[{"taxonomy":"category","embeddable":true,"href":"https:\/\/www.editiespecialapress.ro\/newtest\/wp-json\/wp\/v2\/categories?post=1931"},{"taxonomy":"post_tag","embeddable":true,"href":"https:\/\/www.editiespecialapress.ro\/newtest\/wp-json\/wp\/v2\/tags?post=1931"}],"curies":[{"name":"wp","href":"https:\/\/api.w.org\/{rel}","templated":true}]}}