{"id":1937,"date":"2014-12-27T20:11:32","date_gmt":"2014-12-27T20:11:32","guid":{"rendered":"http:\/\/www.editiespecialapress.ro\/?p=1937"},"modified":"2014-12-27T20:11:32","modified_gmt":"2014-12-27T20:11:32","slug":"primaria-rociu-jud-arges-primar-balasoiu-aurel-si-angajatii-primariei","status":"publish","type":"post","link":"https:\/\/www.editiespecialapress.ro\/newtest\/2014\/12\/27\/primaria-rociu-jud-arges-primar-balasoiu-aurel-si-angajatii-primariei\/","title":{"rendered":"Prim\u0103ria  Rociu, jud. Arge\u015f, primar B\u0103l\u0103\u015foiu Aurel \u015fi angaja\u0163ii Prim\u0103riei."},"content":{"rendered":"<p>L\u0103sa\u0163i o parte din lumina artificiilor aprinse \u00een noaptea Anului Nou s\u0103 v\u0103 lumineze. Fie ca anul care vine s\u0103 fie pentru voi o punte spre ceva mai bun, mai luminos.La mul\u0163i ani!<\/p>\n<p style=\"text-align: right;\"><strong>Prim\u0103ria \u00a0Rociu, jud. Arge\u015f, <\/strong><br \/>\n<strong>primar B\u0103l\u0103\u015foiu Aurel \u015fi angaja\u0163ii Prim\u0103riei.\u00a0<\/strong><\/p>\n","protected":false},"excerpt":{"rendered":"<p>L\u0103sa\u0163i o parte din lumina artificiilor aprinse \u00een noaptea Anului Nou s\u0103 v\u0103 lumineze. Fie ca anul care vine s\u0103 fie pentru voi o punte spre ceva mai bun, mai luminos.La mul\u0163i ani! Prim\u0103ria \u00a0Rociu, jud. Arge\u015f, primar B\u0103l\u0103\u015foiu Aurel \u015fi angaja\u0163ii Prim\u0103riei.\u00a0<\/p>\n","protected":false},"author":2,"featured_media":1938,"comment_status":"closed","ping_status":"open","sticky":false,"template":"","format":"standard","meta":{"footnotes":""},"categories":[4],"tags":[],"class_list":{"0":"post-1937","1":"post","2":"type-post","3":"status-publish","4":"format-standard","5":"has-post-thumbnail","7":"category-felicitari"},"_links":{"self":[{"href":"https:\/\/www.editiespecialapress.ro\/newtest\/wp-json\/wp\/v2\/posts\/1937","targetHints":{"allow":["GET"]}}],"collection":[{"href":"https:\/\/www.editiespecialapress.ro\/newtest\/wp-json\/wp\/v2\/posts"}],"about":[{"href":"https:\/\/www.editiespecialapress.ro\/newtest\/wp-json\/wp\/v2\/types\/post"}],"author":[{"embeddable":true,"href":"https:\/\/www.editiespecialapress.ro\/newtest\/wp-json\/wp\/v2\/users\/2"}],"replies":[{"embeddable":true,"href":"https:\/\/www.editiespecialapress.ro\/newtest\/wp-json\/wp\/v2\/comments?post=1937"}],"version-history":[{"count":0,"href":"https:\/\/www.editiespecialapress.ro\/newtest\/wp-json\/wp\/v2\/posts\/1937\/revisions"}],"wp:featuredmedia":[{"embeddable":true,"href":"https:\/\/www.editiespecialapress.ro\/newtest\/wp-json\/"}],"wp:attachment":[{"href":"https:\/\/www.editiespecialapress.ro\/newtest\/wp-json\/wp\/v2\/media?parent=1937"}],"wp:term":[{"taxonomy":"category","embeddable":true,"href":"https:\/\/www.editiespecialapress.ro\/newtest\/wp-json\/wp\/v2\/categories?post=1937"},{"taxonomy":"post_tag","embeddable":true,"href":"https:\/\/www.editiespecialapress.ro\/newtest\/wp-json\/wp\/v2\/tags?post=1937"}],"curies":[{"name":"wp","href":"https:\/\/api.w.org\/{rel}","templated":true}]}}