{"id":1943,"date":"2014-12-27T20:14:05","date_gmt":"2014-12-27T20:14:05","guid":{"rendered":"http:\/\/www.editiespecialapress.ro\/?p=1943"},"modified":"2014-12-27T20:14:05","modified_gmt":"2014-12-27T20:14:05","slug":"primaria-bradulet-jud-arges-primar-alecu-evlampie-si-angajatii-primariei","status":"publish","type":"post","link":"https:\/\/www.editiespecialapress.ro\/newtest\/2014\/12\/27\/primaria-bradulet-jud-arges-primar-alecu-evlampie-si-angajatii-primariei\/","title":{"rendered":"Prim\u0103ria  Br\u0103dule\u0163, jud. Arge\u015f, primar Alecu Evlampie \u015fi angaja\u0163ii Prim\u0103riei."},"content":{"rendered":"<p>Nou este anul ce vine, noi sunt visele noastre, noi sunt dorin\u0163ele nostre, noi sunt spiritele noastre, dar c\u0103lduroasele noastre ur\u0103ri sunt pentru totdeauna! Un An Nou cum a\u0163i visat! La mul\u0163i ani!<\/p>\n<p style=\"text-align: right;\"><strong>Prim\u0103ria \u00a0Br\u0103dule\u0163, jud. Arge\u015f,<br \/>\nprimar Alecu Evlampie \u015fi angaja\u0163ii Prim\u0103riei.\u00a0<\/strong><\/p>\n","protected":false},"excerpt":{"rendered":"<p>Nou este anul ce vine, noi sunt visele noastre, noi sunt dorin\u0163ele nostre, noi sunt spiritele noastre, dar c\u0103lduroasele noastre ur\u0103ri sunt pentru totdeauna! Un An Nou cum a\u0163i visat! La mul\u0163i ani! Prim\u0103ria \u00a0Br\u0103dule\u0163, jud. Arge\u015f, primar Alecu Evlampie \u015fi angaja\u0163ii Prim\u0103riei.\u00a0<\/p>\n","protected":false},"author":2,"featured_media":1944,"comment_status":"closed","ping_status":"open","sticky":false,"template":"","format":"standard","meta":{"footnotes":""},"categories":[4],"tags":[],"class_list":{"0":"post-1943","1":"post","2":"type-post","3":"status-publish","4":"format-standard","5":"has-post-thumbnail","7":"category-felicitari"},"_links":{"self":[{"href":"https:\/\/www.editiespecialapress.ro\/newtest\/wp-json\/wp\/v2\/posts\/1943","targetHints":{"allow":["GET"]}}],"collection":[{"href":"https:\/\/www.editiespecialapress.ro\/newtest\/wp-json\/wp\/v2\/posts"}],"about":[{"href":"https:\/\/www.editiespecialapress.ro\/newtest\/wp-json\/wp\/v2\/types\/post"}],"author":[{"embeddable":true,"href":"https:\/\/www.editiespecialapress.ro\/newtest\/wp-json\/wp\/v2\/users\/2"}],"replies":[{"embeddable":true,"href":"https:\/\/www.editiespecialapress.ro\/newtest\/wp-json\/wp\/v2\/comments?post=1943"}],"version-history":[{"count":0,"href":"https:\/\/www.editiespecialapress.ro\/newtest\/wp-json\/wp\/v2\/posts\/1943\/revisions"}],"wp:featuredmedia":[{"embeddable":true,"href":"https:\/\/www.editiespecialapress.ro\/newtest\/wp-json\/"}],"wp:attachment":[{"href":"https:\/\/www.editiespecialapress.ro\/newtest\/wp-json\/wp\/v2\/media?parent=1943"}],"wp:term":[{"taxonomy":"category","embeddable":true,"href":"https:\/\/www.editiespecialapress.ro\/newtest\/wp-json\/wp\/v2\/categories?post=1943"},{"taxonomy":"post_tag","embeddable":true,"href":"https:\/\/www.editiespecialapress.ro\/newtest\/wp-json\/wp\/v2\/tags?post=1943"}],"curies":[{"name":"wp","href":"https:\/\/api.w.org\/{rel}","templated":true}]}}