{"id":1946,"date":"2014-12-27T20:15:20","date_gmt":"2014-12-27T20:15:20","guid":{"rendered":"http:\/\/www.editiespecialapress.ro\/?p=1946"},"modified":"2014-12-27T20:15:20","modified_gmt":"2014-12-27T20:15:20","slug":"primaria-musatesti-jud-arges-primar-pauna-mircea-si-angajatii-primariei","status":"publish","type":"post","link":"https:\/\/www.editiespecialapress.ro\/newtest\/2014\/12\/27\/primaria-musatesti-jud-arges-primar-pauna-mircea-si-angajatii-primariei\/","title":{"rendered":"Prim\u0103ria  Mu\u015f\u0103te\u015fti, jud. Arge\u015f, primar  P\u0103una Mircea \u015fi angaja\u0163ii Prim\u0103riei."},"content":{"rendered":"<p>Fie ca anul care \u00eencepe s\u0103 v\u0103 a\u015ftearn\u0103 \u00een cale o potec\u0103 neted\u0103, vegheat\u0103 de stelu\u0163e norocoase \u015fi \u00eengeri b\u0103lai! Iar dorin\u0163ele voastre, toate-toate s\u0103 se \u00eemplineasc\u0103, c\u00e2te una \u00een fiecare zi! La mul\u0163i ani!<\/p>\n<p style=\"text-align: right;\"><strong>Prim\u0103ria \u00a0Mu\u015f\u0103te\u015fti, jud. Arge\u015f, <\/strong><br \/>\n<strong>primar \u00a0P\u0103una Mircea \u015fi angaja\u0163ii Prim\u0103riei.<\/strong><\/p>\n","protected":false},"excerpt":{"rendered":"<p>Fie ca anul care \u00eencepe s\u0103 v\u0103 a\u015ftearn\u0103 \u00een cale o potec\u0103 neted\u0103, vegheat\u0103 de stelu\u0163e norocoase \u015fi \u00eengeri b\u0103lai! Iar dorin\u0163ele voastre, toate-toate s\u0103 se \u00eemplineasc\u0103, c\u00e2te una \u00een fiecare zi! La mul\u0163i ani! Prim\u0103ria \u00a0Mu\u015f\u0103te\u015fti, jud. Arge\u015f, primar \u00a0P\u0103una Mircea \u015fi angaja\u0163ii Prim\u0103riei.<\/p>\n","protected":false},"author":2,"featured_media":1947,"comment_status":"closed","ping_status":"open","sticky":false,"template":"","format":"standard","meta":{"footnotes":""},"categories":[4],"tags":[],"class_list":{"0":"post-1946","1":"post","2":"type-post","3":"status-publish","4":"format-standard","5":"has-post-thumbnail","7":"category-felicitari"},"_links":{"self":[{"href":"https:\/\/www.editiespecialapress.ro\/newtest\/wp-json\/wp\/v2\/posts\/1946","targetHints":{"allow":["GET"]}}],"collection":[{"href":"https:\/\/www.editiespecialapress.ro\/newtest\/wp-json\/wp\/v2\/posts"}],"about":[{"href":"https:\/\/www.editiespecialapress.ro\/newtest\/wp-json\/wp\/v2\/types\/post"}],"author":[{"embeddable":true,"href":"https:\/\/www.editiespecialapress.ro\/newtest\/wp-json\/wp\/v2\/users\/2"}],"replies":[{"embeddable":true,"href":"https:\/\/www.editiespecialapress.ro\/newtest\/wp-json\/wp\/v2\/comments?post=1946"}],"version-history":[{"count":0,"href":"https:\/\/www.editiespecialapress.ro\/newtest\/wp-json\/wp\/v2\/posts\/1946\/revisions"}],"wp:featuredmedia":[{"embeddable":true,"href":"https:\/\/www.editiespecialapress.ro\/newtest\/wp-json\/"}],"wp:attachment":[{"href":"https:\/\/www.editiespecialapress.ro\/newtest\/wp-json\/wp\/v2\/media?parent=1946"}],"wp:term":[{"taxonomy":"category","embeddable":true,"href":"https:\/\/www.editiespecialapress.ro\/newtest\/wp-json\/wp\/v2\/categories?post=1946"},{"taxonomy":"post_tag","embeddable":true,"href":"https:\/\/www.editiespecialapress.ro\/newtest\/wp-json\/wp\/v2\/tags?post=1946"}],"curies":[{"name":"wp","href":"https:\/\/api.w.org\/{rel}","templated":true}]}}