{"id":1952,"date":"2014-12-27T20:18:21","date_gmt":"2014-12-27T20:18:21","guid":{"rendered":"http:\/\/www.editiespecialapress.ro\/?p=1952"},"modified":"2014-12-27T20:18:21","modified_gmt":"2014-12-27T20:18:21","slug":"primaria-stolnici-jud-arges-primar-pupaza-rosu-sevastian-si-angajatii-primariei","status":"publish","type":"post","link":"https:\/\/www.editiespecialapress.ro\/newtest\/2014\/12\/27\/primaria-stolnici-jud-arges-primar-pupaza-rosu-sevastian-si-angajatii-primariei\/","title":{"rendered":"Prim\u0103ria  Stolnici, jud. Arge\u015f, primar  Pup\u0103z\u0103 Ro\u015fu Sevastian \u015fi angaja\u0163ii Prim\u0103riei."},"content":{"rendered":"<p>Un An Nou mai bun, cu pace \u015fi lini\u015fte \u00een suflet \u015fi cu mult\u0103 dragoste \u00een inim\u0103. La mul\u0163i ani!<\/p>\n<p style=\"text-align: right;\"><strong>Prim\u0103ria \u00a0Stolnici, jud. Arge\u015f, <\/strong><br \/>\n<strong>primar \u00a0Pup\u0103z\u0103 Ro\u015fu Sevastian \u015fi angaja\u0163ii Prim\u0103riei.<\/strong><\/p>\n","protected":false},"excerpt":{"rendered":"<p>Un An Nou mai bun, cu pace \u015fi lini\u015fte \u00een suflet \u015fi cu mult\u0103 dragoste \u00een inim\u0103. La mul\u0163i ani! Prim\u0103ria \u00a0Stolnici, jud. Arge\u015f, primar \u00a0Pup\u0103z\u0103 Ro\u015fu Sevastian \u015fi angaja\u0163ii Prim\u0103riei.<\/p>\n","protected":false},"author":2,"featured_media":1953,"comment_status":"closed","ping_status":"open","sticky":false,"template":"","format":"standard","meta":{"footnotes":""},"categories":[4],"tags":[],"class_list":{"0":"post-1952","1":"post","2":"type-post","3":"status-publish","4":"format-standard","5":"has-post-thumbnail","7":"category-felicitari"},"_links":{"self":[{"href":"https:\/\/www.editiespecialapress.ro\/newtest\/wp-json\/wp\/v2\/posts\/1952","targetHints":{"allow":["GET"]}}],"collection":[{"href":"https:\/\/www.editiespecialapress.ro\/newtest\/wp-json\/wp\/v2\/posts"}],"about":[{"href":"https:\/\/www.editiespecialapress.ro\/newtest\/wp-json\/wp\/v2\/types\/post"}],"author":[{"embeddable":true,"href":"https:\/\/www.editiespecialapress.ro\/newtest\/wp-json\/wp\/v2\/users\/2"}],"replies":[{"embeddable":true,"href":"https:\/\/www.editiespecialapress.ro\/newtest\/wp-json\/wp\/v2\/comments?post=1952"}],"version-history":[{"count":0,"href":"https:\/\/www.editiespecialapress.ro\/newtest\/wp-json\/wp\/v2\/posts\/1952\/revisions"}],"wp:featuredmedia":[{"embeddable":true,"href":"https:\/\/www.editiespecialapress.ro\/newtest\/wp-json\/"}],"wp:attachment":[{"href":"https:\/\/www.editiespecialapress.ro\/newtest\/wp-json\/wp\/v2\/media?parent=1952"}],"wp:term":[{"taxonomy":"category","embeddable":true,"href":"https:\/\/www.editiespecialapress.ro\/newtest\/wp-json\/wp\/v2\/categories?post=1952"},{"taxonomy":"post_tag","embeddable":true,"href":"https:\/\/www.editiespecialapress.ro\/newtest\/wp-json\/wp\/v2\/tags?post=1952"}],"curies":[{"name":"wp","href":"https:\/\/api.w.org\/{rel}","templated":true}]}}