{"id":1961,"date":"2014-12-27T20:22:19","date_gmt":"2014-12-27T20:22:19","guid":{"rendered":"http:\/\/www.editiespecialapress.ro\/?p=1961"},"modified":"2014-12-27T20:22:19","modified_gmt":"2014-12-27T20:22:19","slug":"primaria-campulung-muscel-jud-arges-primar-calin-andrei-si-angajatii-primariei","status":"publish","type":"post","link":"https:\/\/www.editiespecialapress.ro\/newtest\/2014\/12\/27\/primaria-campulung-muscel-jud-arges-primar-calin-andrei-si-angajatii-primariei\/","title":{"rendered":"Prim\u0103ria  C\u00e2mpulung Muscel, jud. Arge\u015f, primar C\u0103lin Andrei \u015fi angaja\u0163ii Prim\u0103riei."},"content":{"rendered":"<p>Fie ca spiritul s\u0103rb\u0103torilor de iarn\u0103 s\u0103 p\u0103trund\u0103 \u00een casa \u015fi \u00een sufletul vostru \u015fi al tuturor celor dragi ! Iubirea, bucuria, \u00een\u0163elepciunea \u015fi generozitatea s\u0103 v\u0103 fie c\u0103l\u0103uz\u0103 \u00een 2015 ! \u00cen speran\u0163a unui an mai bun, v\u0103 trimitem o boare de s\u0103n\u0103tate, un strop de \u00eencredere \u015fi fericire. La mul\u0163i ani!<\/p>\n<p style=\"text-align: right;\"><strong>Prim\u0103ria \u00a0C\u00e2mpulung Muscel, jud. Arge\u015f, <\/strong><br \/>\n<strong>primar C\u0103lin Andrei \u015fi angaja\u0163ii Prim\u0103riei.<\/strong><\/p>\n","protected":false},"excerpt":{"rendered":"<p>Fie ca spiritul s\u0103rb\u0103torilor de iarn\u0103 s\u0103 p\u0103trund\u0103 \u00een casa \u015fi \u00een sufletul vostru \u015fi al tuturor celor dragi ! Iubirea, bucuria, \u00een\u0163elepciunea \u015fi generozitatea s\u0103 v\u0103 fie c\u0103l\u0103uz\u0103 \u00een 2015 ! \u00cen speran\u0163a unui an mai bun, v\u0103 trimitem o boare de s\u0103n\u0103tate, un strop de \u00eencredere \u015fi fericire. La mul\u0163i ani! Prim\u0103ria \u00a0C\u00e2mpulung [&hellip;]<\/p>\n","protected":false},"author":2,"featured_media":1962,"comment_status":"closed","ping_status":"open","sticky":false,"template":"","format":"standard","meta":{"footnotes":""},"categories":[4],"tags":[],"class_list":{"0":"post-1961","1":"post","2":"type-post","3":"status-publish","4":"format-standard","5":"has-post-thumbnail","7":"category-felicitari"},"_links":{"self":[{"href":"https:\/\/www.editiespecialapress.ro\/newtest\/wp-json\/wp\/v2\/posts\/1961","targetHints":{"allow":["GET"]}}],"collection":[{"href":"https:\/\/www.editiespecialapress.ro\/newtest\/wp-json\/wp\/v2\/posts"}],"about":[{"href":"https:\/\/www.editiespecialapress.ro\/newtest\/wp-json\/wp\/v2\/types\/post"}],"author":[{"embeddable":true,"href":"https:\/\/www.editiespecialapress.ro\/newtest\/wp-json\/wp\/v2\/users\/2"}],"replies":[{"embeddable":true,"href":"https:\/\/www.editiespecialapress.ro\/newtest\/wp-json\/wp\/v2\/comments?post=1961"}],"version-history":[{"count":0,"href":"https:\/\/www.editiespecialapress.ro\/newtest\/wp-json\/wp\/v2\/posts\/1961\/revisions"}],"wp:featuredmedia":[{"embeddable":true,"href":"https:\/\/www.editiespecialapress.ro\/newtest\/wp-json\/"}],"wp:attachment":[{"href":"https:\/\/www.editiespecialapress.ro\/newtest\/wp-json\/wp\/v2\/media?parent=1961"}],"wp:term":[{"taxonomy":"category","embeddable":true,"href":"https:\/\/www.editiespecialapress.ro\/newtest\/wp-json\/wp\/v2\/categories?post=1961"},{"taxonomy":"post_tag","embeddable":true,"href":"https:\/\/www.editiespecialapress.ro\/newtest\/wp-json\/wp\/v2\/tags?post=1961"}],"curies":[{"name":"wp","href":"https:\/\/api.w.org\/{rel}","templated":true}]}}