{"id":1964,"date":"2014-12-27T20:23:48","date_gmt":"2014-12-27T20:23:48","guid":{"rendered":"http:\/\/www.editiespecialapress.ro\/?p=1964"},"modified":"2014-12-27T20:23:48","modified_gmt":"2014-12-27T20:23:48","slug":"primaria-baiculesti-jud-arges-primar-dragnea-niculae-si-angajatii-primariei","status":"publish","type":"post","link":"https:\/\/www.editiespecialapress.ro\/newtest\/2014\/12\/27\/primaria-baiculesti-jud-arges-primar-dragnea-niculae-si-angajatii-primariei\/","title":{"rendered":"Prim\u0103ria  B\u0103icule\u015fti, jud. Arge\u015f, primar  Dragnea Niculae \u015fi angaja\u0163ii Prim\u0103riei."},"content":{"rendered":"<p>\u00cen fiecare pic\u0103tur\u0103 a \u015fampaniei pe care o be\u0163i \u00een cinstea Noului An sunt ur\u0103rile noastre de bine, pline de cele mai frumoase \u015fi c\u0103lduroase g\u00e2nduri! Un an minunat! La mul\u0163i ani!Prim\u0103ria \u00a0B\u0103icule\u015fti, jud. Arge\u015f, primar \u00a0Dragnea Niculae \u015fi angaja\u0163ii Prim\u0103riei.<\/p>\n<p style=\"text-align: right;\"><strong>Prim\u0103ria \u00a0B\u0103icule\u015fti, jud. Arge\u015f,<br \/>\nprimar \u00a0Dragnea Niculae \u015fi angaja\u0163ii Prim\u0103riei.<\/strong><\/p>\n","protected":false},"excerpt":{"rendered":"<p>\u00cen fiecare pic\u0103tur\u0103 a \u015fampaniei pe care o be\u0163i \u00een cinstea Noului An sunt ur\u0103rile noastre de bine, pline de cele mai frumoase \u015fi c\u0103lduroase g\u00e2nduri! Un an minunat! La mul\u0163i ani!Prim\u0103ria \u00a0B\u0103icule\u015fti, jud. Arge\u015f, primar \u00a0Dragnea Niculae \u015fi angaja\u0163ii Prim\u0103riei. Prim\u0103ria \u00a0B\u0103icule\u015fti, jud. Arge\u015f, primar \u00a0Dragnea Niculae \u015fi angaja\u0163ii Prim\u0103riei.<\/p>\n","protected":false},"author":2,"featured_media":1965,"comment_status":"closed","ping_status":"open","sticky":false,"template":"","format":"standard","meta":{"footnotes":""},"categories":[4],"tags":[],"class_list":{"0":"post-1964","1":"post","2":"type-post","3":"status-publish","4":"format-standard","5":"has-post-thumbnail","7":"category-felicitari"},"_links":{"self":[{"href":"https:\/\/www.editiespecialapress.ro\/newtest\/wp-json\/wp\/v2\/posts\/1964","targetHints":{"allow":["GET"]}}],"collection":[{"href":"https:\/\/www.editiespecialapress.ro\/newtest\/wp-json\/wp\/v2\/posts"}],"about":[{"href":"https:\/\/www.editiespecialapress.ro\/newtest\/wp-json\/wp\/v2\/types\/post"}],"author":[{"embeddable":true,"href":"https:\/\/www.editiespecialapress.ro\/newtest\/wp-json\/wp\/v2\/users\/2"}],"replies":[{"embeddable":true,"href":"https:\/\/www.editiespecialapress.ro\/newtest\/wp-json\/wp\/v2\/comments?post=1964"}],"version-history":[{"count":0,"href":"https:\/\/www.editiespecialapress.ro\/newtest\/wp-json\/wp\/v2\/posts\/1964\/revisions"}],"wp:featuredmedia":[{"embeddable":true,"href":"https:\/\/www.editiespecialapress.ro\/newtest\/wp-json\/"}],"wp:attachment":[{"href":"https:\/\/www.editiespecialapress.ro\/newtest\/wp-json\/wp\/v2\/media?parent=1964"}],"wp:term":[{"taxonomy":"category","embeddable":true,"href":"https:\/\/www.editiespecialapress.ro\/newtest\/wp-json\/wp\/v2\/categories?post=1964"},{"taxonomy":"post_tag","embeddable":true,"href":"https:\/\/www.editiespecialapress.ro\/newtest\/wp-json\/wp\/v2\/tags?post=1964"}],"curies":[{"name":"wp","href":"https:\/\/api.w.org\/{rel}","templated":true}]}}