{"id":1967,"date":"2014-12-27T20:25:22","date_gmt":"2014-12-27T20:25:22","guid":{"rendered":"http:\/\/www.editiespecialapress.ro\/?p=1967"},"modified":"2014-12-27T20:25:22","modified_gmt":"2014-12-27T20:25:22","slug":"primaria-mirosi-jud-arges-primar-nita-marin-si-angajatii-primariei","status":"publish","type":"post","link":"https:\/\/www.editiespecialapress.ro\/newtest\/2014\/12\/27\/primaria-mirosi-jud-arges-primar-nita-marin-si-angajatii-primariei\/","title":{"rendered":"Prim\u0103ria  Miro\u015fi, jud. Arge\u015f, primar Ni\u0163\u0103 Marin \u015fi angaja\u0163ii Prim\u0103riei ."},"content":{"rendered":"<p>Trece\u0163i peste ce-a fost, crede\u0163i cu adev\u0103rat \u00een voi. Anul Nou e o carte deschis\u0103 cu re\u0163etele succesului, alege\u0163i ce vi se potrive\u015fte \u015fi porni\u0163i la drum cu \u00eencredere! Anul \u0103sta care vine s\u0103 v\u0103 fie numai bine! La mul\u0163i ani!<\/p>\n<p style=\"text-align: right;\"><strong>Prim\u0103ria \u00a0Miro\u015fi, jud. Arge\u015f, <\/strong><br \/>\n<strong>primar Ni\u0163\u0103 Marin \u015fi angaja\u0163ii Prim\u0103riei .<\/strong><\/p>\n","protected":false},"excerpt":{"rendered":"<p>Trece\u0163i peste ce-a fost, crede\u0163i cu adev\u0103rat \u00een voi. Anul Nou e o carte deschis\u0103 cu re\u0163etele succesului, alege\u0163i ce vi se potrive\u015fte \u015fi porni\u0163i la drum cu \u00eencredere! Anul \u0103sta care vine s\u0103 v\u0103 fie numai bine! La mul\u0163i ani! Prim\u0103ria \u00a0Miro\u015fi, jud. Arge\u015f, primar Ni\u0163\u0103 Marin \u015fi angaja\u0163ii Prim\u0103riei .<\/p>\n","protected":false},"author":2,"featured_media":1968,"comment_status":"closed","ping_status":"open","sticky":false,"template":"","format":"standard","meta":{"footnotes":""},"categories":[4],"tags":[],"class_list":{"0":"post-1967","1":"post","2":"type-post","3":"status-publish","4":"format-standard","5":"has-post-thumbnail","7":"category-felicitari"},"_links":{"self":[{"href":"https:\/\/www.editiespecialapress.ro\/newtest\/wp-json\/wp\/v2\/posts\/1967","targetHints":{"allow":["GET"]}}],"collection":[{"href":"https:\/\/www.editiespecialapress.ro\/newtest\/wp-json\/wp\/v2\/posts"}],"about":[{"href":"https:\/\/www.editiespecialapress.ro\/newtest\/wp-json\/wp\/v2\/types\/post"}],"author":[{"embeddable":true,"href":"https:\/\/www.editiespecialapress.ro\/newtest\/wp-json\/wp\/v2\/users\/2"}],"replies":[{"embeddable":true,"href":"https:\/\/www.editiespecialapress.ro\/newtest\/wp-json\/wp\/v2\/comments?post=1967"}],"version-history":[{"count":0,"href":"https:\/\/www.editiespecialapress.ro\/newtest\/wp-json\/wp\/v2\/posts\/1967\/revisions"}],"wp:featuredmedia":[{"embeddable":true,"href":"https:\/\/www.editiespecialapress.ro\/newtest\/wp-json\/"}],"wp:attachment":[{"href":"https:\/\/www.editiespecialapress.ro\/newtest\/wp-json\/wp\/v2\/media?parent=1967"}],"wp:term":[{"taxonomy":"category","embeddable":true,"href":"https:\/\/www.editiespecialapress.ro\/newtest\/wp-json\/wp\/v2\/categories?post=1967"},{"taxonomy":"post_tag","embeddable":true,"href":"https:\/\/www.editiespecialapress.ro\/newtest\/wp-json\/wp\/v2\/tags?post=1967"}],"curies":[{"name":"wp","href":"https:\/\/api.w.org\/{rel}","templated":true}]}}