{"id":1973,"date":"2014-12-27T20:27:53","date_gmt":"2014-12-27T20:27:53","guid":{"rendered":"http:\/\/www.editiespecialapress.ro\/?p=1973"},"modified":"2014-12-27T20:27:53","modified_gmt":"2014-12-27T20:27:53","slug":"primaria-curtea-de-arges-jud-arges-primar-diaconu-nicolae-si-angajatii-primariei","status":"publish","type":"post","link":"https:\/\/www.editiespecialapress.ro\/newtest\/2014\/12\/27\/primaria-curtea-de-arges-jud-arges-primar-diaconu-nicolae-si-angajatii-primariei\/","title":{"rendered":"Prim\u0103ria  Curtea de Arge\u015f, jud. Arge\u015f, primar Diaconu Nicolae \u015fi angaja\u0163ii Prim\u0103riei."},"content":{"rendered":"<p>Acum c\u0103 roata timpului a mai \u0163esut \u00eenc\u0103 un an, iar cristalele fulgilor de nea \u00eentregesc magia s\u0103rb\u0103torilor, s\u0103 ne bucur\u0103m al\u0103turi de cei dragi nou\u0103 \u015fi s\u0103 a\u015ftept\u0103m \u00eencrez\u0103tori clipele viitorului! La mul\u0163i ani!<\/p>\n<p style=\"text-align: right;\"><strong>Prim\u0103ria \u00a0Curtea de Arge\u015f, jud. Arge\u015f, <\/strong><br \/>\n<strong>primar Diaconu Nicolae \u015fi angaja\u0163ii Prim\u0103riei.\u00a0<\/strong><\/p>\n","protected":false},"excerpt":{"rendered":"<p>Acum c\u0103 roata timpului a mai \u0163esut \u00eenc\u0103 un an, iar cristalele fulgilor de nea \u00eentregesc magia s\u0103rb\u0103torilor, s\u0103 ne bucur\u0103m al\u0103turi de cei dragi nou\u0103 \u015fi s\u0103 a\u015ftept\u0103m \u00eencrez\u0103tori clipele viitorului! La mul\u0163i ani! Prim\u0103ria \u00a0Curtea de Arge\u015f, jud. Arge\u015f, primar Diaconu Nicolae \u015fi angaja\u0163ii Prim\u0103riei.\u00a0<\/p>\n","protected":false},"author":2,"featured_media":1974,"comment_status":"closed","ping_status":"open","sticky":false,"template":"","format":"standard","meta":{"footnotes":""},"categories":[4],"tags":[],"class_list":{"0":"post-1973","1":"post","2":"type-post","3":"status-publish","4":"format-standard","5":"has-post-thumbnail","7":"category-felicitari"},"_links":{"self":[{"href":"https:\/\/www.editiespecialapress.ro\/newtest\/wp-json\/wp\/v2\/posts\/1973","targetHints":{"allow":["GET"]}}],"collection":[{"href":"https:\/\/www.editiespecialapress.ro\/newtest\/wp-json\/wp\/v2\/posts"}],"about":[{"href":"https:\/\/www.editiespecialapress.ro\/newtest\/wp-json\/wp\/v2\/types\/post"}],"author":[{"embeddable":true,"href":"https:\/\/www.editiespecialapress.ro\/newtest\/wp-json\/wp\/v2\/users\/2"}],"replies":[{"embeddable":true,"href":"https:\/\/www.editiespecialapress.ro\/newtest\/wp-json\/wp\/v2\/comments?post=1973"}],"version-history":[{"count":0,"href":"https:\/\/www.editiespecialapress.ro\/newtest\/wp-json\/wp\/v2\/posts\/1973\/revisions"}],"wp:featuredmedia":[{"embeddable":true,"href":"https:\/\/www.editiespecialapress.ro\/newtest\/wp-json\/"}],"wp:attachment":[{"href":"https:\/\/www.editiespecialapress.ro\/newtest\/wp-json\/wp\/v2\/media?parent=1973"}],"wp:term":[{"taxonomy":"category","embeddable":true,"href":"https:\/\/www.editiespecialapress.ro\/newtest\/wp-json\/wp\/v2\/categories?post=1973"},{"taxonomy":"post_tag","embeddable":true,"href":"https:\/\/www.editiespecialapress.ro\/newtest\/wp-json\/wp\/v2\/tags?post=1973"}],"curies":[{"name":"wp","href":"https:\/\/api.w.org\/{rel}","templated":true}]}}