{"id":1979,"date":"2014-12-27T20:30:09","date_gmt":"2014-12-27T20:30:09","guid":{"rendered":"http:\/\/www.editiespecialapress.ro\/?p=1979"},"modified":"2014-12-27T20:30:09","modified_gmt":"2014-12-27T20:30:09","slug":"primaria-buzoiesti-jud-arges-primar-tanase-ion-si-angajatii-primariei","status":"publish","type":"post","link":"https:\/\/www.editiespecialapress.ro\/newtest\/2014\/12\/27\/primaria-buzoiesti-jud-arges-primar-tanase-ion-si-angajatii-primariei\/","title":{"rendered":"Prim\u0103ria  Buzoie\u015fti, jud. Arge\u015f, primar T\u0103nase Ion \u015fi angaja\u0163ii Prim\u0103riei."},"content":{"rendered":"<p>S\u0103rb\u0103torile de iarn\u0103 s\u0103 v\u0103 aduc\u0103 multe z\u00e2mbete frumoase de la oamenii din jurul vostru \u015fi s\u0103 pute\u0163i \u00eemp\u0103rt\u0103\u015fi tot ce ave\u0163i voi mai bun cu ei. S\u0103 ave\u0163i lumin\u0103 \u00een suflet \u015fi mult\u0103 s\u0103n\u0103tate. La mul\u0163i ani!<\/p>\n<p style=\"text-align: right;\"><strong>Prim\u0103ria \u00a0Buzoie\u015fti, jud. Arge\u015f, <\/strong><br \/>\n<strong>primar T\u0103nase Ion \u015fi angaja\u0163ii Prim\u0103riei.\u00a0<\/strong><\/p>\n","protected":false},"excerpt":{"rendered":"<p>S\u0103rb\u0103torile de iarn\u0103 s\u0103 v\u0103 aduc\u0103 multe z\u00e2mbete frumoase de la oamenii din jurul vostru \u015fi s\u0103 pute\u0163i \u00eemp\u0103rt\u0103\u015fi tot ce ave\u0163i voi mai bun cu ei. S\u0103 ave\u0163i lumin\u0103 \u00een suflet \u015fi mult\u0103 s\u0103n\u0103tate. La mul\u0163i ani! Prim\u0103ria \u00a0Buzoie\u015fti, jud. Arge\u015f, primar T\u0103nase Ion \u015fi angaja\u0163ii Prim\u0103riei.\u00a0<\/p>\n","protected":false},"author":2,"featured_media":1980,"comment_status":"closed","ping_status":"open","sticky":false,"template":"","format":"standard","meta":{"footnotes":""},"categories":[4],"tags":[],"class_list":{"0":"post-1979","1":"post","2":"type-post","3":"status-publish","4":"format-standard","5":"has-post-thumbnail","7":"category-felicitari"},"_links":{"self":[{"href":"https:\/\/www.editiespecialapress.ro\/newtest\/wp-json\/wp\/v2\/posts\/1979","targetHints":{"allow":["GET"]}}],"collection":[{"href":"https:\/\/www.editiespecialapress.ro\/newtest\/wp-json\/wp\/v2\/posts"}],"about":[{"href":"https:\/\/www.editiespecialapress.ro\/newtest\/wp-json\/wp\/v2\/types\/post"}],"author":[{"embeddable":true,"href":"https:\/\/www.editiespecialapress.ro\/newtest\/wp-json\/wp\/v2\/users\/2"}],"replies":[{"embeddable":true,"href":"https:\/\/www.editiespecialapress.ro\/newtest\/wp-json\/wp\/v2\/comments?post=1979"}],"version-history":[{"count":0,"href":"https:\/\/www.editiespecialapress.ro\/newtest\/wp-json\/wp\/v2\/posts\/1979\/revisions"}],"wp:featuredmedia":[{"embeddable":true,"href":"https:\/\/www.editiespecialapress.ro\/newtest\/wp-json\/"}],"wp:attachment":[{"href":"https:\/\/www.editiespecialapress.ro\/newtest\/wp-json\/wp\/v2\/media?parent=1979"}],"wp:term":[{"taxonomy":"category","embeddable":true,"href":"https:\/\/www.editiespecialapress.ro\/newtest\/wp-json\/wp\/v2\/categories?post=1979"},{"taxonomy":"post_tag","embeddable":true,"href":"https:\/\/www.editiespecialapress.ro\/newtest\/wp-json\/wp\/v2\/tags?post=1979"}],"curies":[{"name":"wp","href":"https:\/\/api.w.org\/{rel}","templated":true}]}}