{"id":1985,"date":"2014-12-27T20:33:07","date_gmt":"2014-12-27T20:33:07","guid":{"rendered":"http:\/\/www.editiespecialapress.ro\/?p=1985"},"modified":"2014-12-27T20:33:07","modified_gmt":"2014-12-27T20:33:07","slug":"directorul-publicatiei-editie-speciala-press-ratea-iuliansi-redactia","status":"publish","type":"post","link":"https:\/\/www.editiespecialapress.ro\/newtest\/2014\/12\/27\/directorul-publicatiei-editie-speciala-press-ratea-iuliansi-redactia\/","title":{"rendered":"Directorul publica\u0163iei Edi\u0163ie Special\u0103 Press, Ratea Iulian,\u015fi redac\u0163ia."},"content":{"rendered":"<p>Anul care vine s\u0103 v\u0103 aduc\u0103 speran\u0163a unui nou \u00eenceput, energia necesar\u0103 pentru a v\u0103 \u00eemplini toate obiectivele \u015fi \u00een\u0163elepciunea de a aprecia fiecare zi prin micile bucurii pe care vi le ofer\u0103. La mul\u0163i ani!<\/p>\n<p style=\"text-align: right;\"><strong>Directorul publica\u0163iei Edi\u0163ie Special\u0103 Press, <\/strong><br \/>\n<strong>Ratea Iulian,\u015fi redac\u0163ia.\u00a0<\/strong><\/p>\n","protected":false},"excerpt":{"rendered":"<p>Anul care vine s\u0103 v\u0103 aduc\u0103 speran\u0163a unui nou \u00eenceput, energia necesar\u0103 pentru a v\u0103 \u00eemplini toate obiectivele \u015fi \u00een\u0163elepciunea de a aprecia fiecare zi prin micile bucurii pe care vi le ofer\u0103. La mul\u0163i ani! Directorul publica\u0163iei Edi\u0163ie Special\u0103 Press, Ratea Iulian,\u015fi redac\u0163ia.\u00a0<\/p>\n","protected":false},"author":2,"featured_media":1986,"comment_status":"closed","ping_status":"open","sticky":false,"template":"","format":"standard","meta":{"footnotes":""},"categories":[4],"tags":[],"class_list":{"0":"post-1985","1":"post","2":"type-post","3":"status-publish","4":"format-standard","5":"has-post-thumbnail","7":"category-felicitari"},"_links":{"self":[{"href":"https:\/\/www.editiespecialapress.ro\/newtest\/wp-json\/wp\/v2\/posts\/1985","targetHints":{"allow":["GET"]}}],"collection":[{"href":"https:\/\/www.editiespecialapress.ro\/newtest\/wp-json\/wp\/v2\/posts"}],"about":[{"href":"https:\/\/www.editiespecialapress.ro\/newtest\/wp-json\/wp\/v2\/types\/post"}],"author":[{"embeddable":true,"href":"https:\/\/www.editiespecialapress.ro\/newtest\/wp-json\/wp\/v2\/users\/2"}],"replies":[{"embeddable":true,"href":"https:\/\/www.editiespecialapress.ro\/newtest\/wp-json\/wp\/v2\/comments?post=1985"}],"version-history":[{"count":0,"href":"https:\/\/www.editiespecialapress.ro\/newtest\/wp-json\/wp\/v2\/posts\/1985\/revisions"}],"wp:featuredmedia":[{"embeddable":true,"href":"https:\/\/www.editiespecialapress.ro\/newtest\/wp-json\/"}],"wp:attachment":[{"href":"https:\/\/www.editiespecialapress.ro\/newtest\/wp-json\/wp\/v2\/media?parent=1985"}],"wp:term":[{"taxonomy":"category","embeddable":true,"href":"https:\/\/www.editiespecialapress.ro\/newtest\/wp-json\/wp\/v2\/categories?post=1985"},{"taxonomy":"post_tag","embeddable":true,"href":"https:\/\/www.editiespecialapress.ro\/newtest\/wp-json\/wp\/v2\/tags?post=1985"}],"curies":[{"name":"wp","href":"https:\/\/api.w.org\/{rel}","templated":true}]}}