{"id":2391,"date":"2015-02-15T16:59:35","date_gmt":"2015-02-15T16:59:35","guid":{"rendered":"http:\/\/www.editiespecialapress.ro\/?p=2391"},"modified":"2015-02-15T16:59:35","modified_gmt":"2015-02-15T16:59:35","slug":"criminalii-in-robe-judecatorii-de-la-curtea-de-apel-pitesti-diaconu-gheorghe-sandulescu-marius-gabriel-andreescu-marius-coculescu-ana-maria-diaconu-dumitru-gheorghe-sorescu-teodora-rusu-minodo","status":"publish","type":"post","link":"https:\/\/www.editiespecialapress.ro\/newtest\/2015\/02\/15\/criminalii-in-robe-judecatorii-de-la-curtea-de-apel-pitesti-diaconu-gheorghe-sandulescu-marius-gabriel-andreescu-marius-coculescu-ana-maria-diaconu-dumitru-gheorghe-sorescu-teodora-rusu-minodo\/","title":{"rendered":"Criminalii \u00een robe, judec\u0103torii de la Curtea de Apel Pite\u015fti: Diaconu Gheorghe, S\u0103ndulescu Marius Gabriel, Andreescu Marius, Coculescu Ana Maria, Diaconu Dumitru, Gheorghe Sorescu Teodora, Rusu Minodora, Simionescu Diaconu Raluca Elena, Pluteanu Anda Mihaela, Rusu Elena Minodora, Ursu Sanda, Sorescu Cornelia, Popescu Sorina Mirela au omor\u00e2t prin sentin\u0163e \u015fi decizii sute de victime condamnate f\u0103r\u0103 a exista probe sau indicii pentru c\u0103 victimele nu  aveau rela\u0163ii pentru a le \u00eenm\u00e2na zecile sau sutele de mii de euro ca s\u0103 scape de pu\u015fc\u0103rie, precum a f\u0103cut ex-pre\u015fedintele Consiliului Jude\u0163ean Arge\u015f, Constantin Nicolescu, care a fost pus \u00een libertate sub control judiciar de c\u0103tre ex-contabilul \u015fef al I.A.T.S.A. Service \u015etef\u0103ne\u015fti Arge\u015f, Dumitru Diaconu,actual judec\u0103tor la Curtea de Apel Pite\u015fti,  \u00een schimbul unei sume de sute de mii de euro"},"content":{"rendered":"<p>Continu\u0103m \u00een aceast\u0103 edi\u0163ie cu cei mai mari criminali ai justi\u0163iei arge\u015fene din toate timpurile, \u00eentruc\u00e2t ace\u015ftia, chiar \u00een\u00a0<i>democra\u0163ie<\/i>, au reu\u015fit s\u0103 omoare sute de victime condamnate prin sentin\u0163e \u015fi decizii f\u0103r\u0103 a exista probe sau cu intercept\u0103ri la negru efectuate de diferite servicii ale M.A.I. \u015fi S.R.I. Arge\u015f, plus expertize criminalistice, f\u0103c\u0103turi f\u0103r\u0103 ADN-uri luate de la cadavre sau victime.<\/p>\n<figure id=\"attachment_2393\" aria-describedby=\"caption-attachment-2393\" style=\"width: 400px\" class=\"wp-caption alignright\"><img loading=\"lazy\" decoding=\"async\" class=\"size-full wp-image-2393 \" src=\"http:\/\/www.editiespecialapress.ro\/wp\/wp-content\/uploads\/2015\/02\/Asasina-\u00een-rob\u0103-actual-pre\u015fedinte-al-\u00cenaltei-Cur\u0163i-Bucure\u015fti-Popescu-Sorina-Mirela-fost-procuror-criminal.jpg\" alt=\"Asasina \u00een rob\u0103, actual\u0103 pre\u015fedint\u0103 a Sec\u0163iei Penale a \u00cenaltei Cur\u0163i Bucure\u015fti, Popescu Sorina Mirela, fost procuror criminal\" width=\"400\" height=\"225\" \/><figcaption id=\"caption-attachment-2393\" class=\"wp-caption-text\">Asasina \u00een rob\u0103, actual\u0103 pre\u015fedint\u0103 a Sec\u0163iei Penale a \u00cenaltei Cur\u0163i Bucure\u015fti, Popescu Sorina Mirela, fost procuror criminal<\/figcaption><\/figure>\n<figure id=\"attachment_2394\" aria-describedby=\"caption-attachment-2394\" style=\"width: 400px\" class=\"wp-caption alignright\"><img loading=\"lazy\" decoding=\"async\" class=\"size-medium wp-image-2394\" src=\"http:\/\/www.editiespecialapress.ro\/wp\/wp-content\/uploads\/2015\/02\/Asasinul-nr.1-al-justi\u0163iei-arge\u015fene-Gheorghe-Diaconu-400x266.jpg\" alt=\"Asasinul nr.1 al justi\u0163iei arge\u015fene, Gheorghe Diaconu\" width=\"400\" height=\"266\" \/><figcaption id=\"caption-attachment-2394\" class=\"wp-caption-text\">Asasinul nr.1 al justi\u0163iei arge\u015fene, Gheorghe Diaconu<\/figcaption><\/figure>\n<figure id=\"attachment_2395\" aria-describedby=\"caption-attachment-2395\" style=\"width: 400px\" class=\"wp-caption alignright\"><img loading=\"lazy\" decoding=\"async\" class=\"size-medium wp-image-2395\" src=\"http:\/\/www.editiespecialapress.ro\/wp\/wp-content\/uploads\/2015\/02\/Judec\u0103torul-asasin-nr.-2-al-Arge\u015fului-Marius-Andreescu-400x300.jpg\" alt=\"Judec\u0103torul asasin nr. 2 al Arge\u015fului , Marius Andreescu\" width=\"400\" height=\"300\" \/><figcaption id=\"caption-attachment-2395\" class=\"wp-caption-text\">Judec\u0103torul asasin nr. 2 al Arge\u015fului , Marius Andreescu<\/figcaption><\/figure>\n<p>&nbsp;<\/p>\n<div><\/div>\n<div>\n<p>\u00a0\u00a0\u00a0 Aceste creaturi ( demoni \u00een robe) terorizeaz\u0103 popula\u0163ia din Arge\u015f \u015fi V\u00e2lcea prin condamn\u0103ri abuzive care duc la paralizii, preinfarcte, boli de cap \u015fi tot ceea ce \u00eenseamn\u0103 boli grave care au dus la decesele victimelor.\u00a0 Gunoaiele societ\u0103\u0163ii de la prima zi de angajare \u00een justi\u0163ie, fiind instrui\u0163i de judec\u0103torii comuni\u015fti ai PCR s\u0103 judece prin a folosi prezum\u0163ia de vinov\u0103\u0163ie \u015fi s\u0103 nu aud\u0103 sau s\u0103 foloseasc\u0103 prezum\u0163ia de nevinov\u0103\u0163ie a\u015fa cum spune legea. Nu mai zicem de \u00eentrunirea celor 7 elemente constitutive ale vreunei infrac\u0163iuni. La ace\u015ftia, \u00een zeci de mii de dosare judecate, nu s-a \u00eentrunit m\u0103car un element constitutiv al vreunei infrac\u0163iuni, dar s\u0103 se \u00eentruneasc\u0103 cele 7 elemente constitutive ale unei infrac\u0163iuni! Am verificar mii de victime \u00een ANP Coliba\u015fi, loc. Mioveni, Arge\u015f, \u015fi am primit informa\u0163ii din interior \u00een cursul a 15-20 de ani de zile despre modul \u00een care au decedat sute de victime din m\u00e2na acestor criminali \u00eenc\u0103 din anul 1990 \u015fi p\u00e2n\u0103 \u00een prezent.\u00a0 Au o tehnic\u0103 comunist\u0103 de a judeca cu o m\u00e2n\u0103 criminal\u0103 victimele care nu au intrare la ei, dar \u00een schimb, dac\u0103 le oferi bani prin avoca\u0163i, \u00eei \u00eembl\u00e2nze\u015fti rapid \u015fi scapi de pu\u015fc\u0103rie chiar dac\u0103 sunt probe beton.\u00cei\u00a0 \u00eens\u0103ileaz\u0103 cu diferite articole de lege care nu reprezint\u0103 victimele dec\u00e2t \u00een mintea lor bolnav\u0103 \u015fi irecuperabil\u0103. Sunt mai r\u0103u dec\u00e2t \u0163iganii judec\u0103tori, fac \u00eemb\u00e2rlig\u0103turi perverse \u00een decizii \u015fi sentin\u0163e de te doare ceafa dup\u0103 ce studiezi dosarele. Ei au crezut c\u0103 nu le putem ob\u0163ine legi pentru a fi condamna\u0163i. E, uite c\u0103 ne-am \u015fi descurcat! For\u0163\u0103, for\u0163\u0103 mare mai are&#8230;. O s\u0103 mai ob\u0163inem democratic \u015fi alte legi pentru a fi condamnate robele criminale \u015fi pentru o infrac\u0163iune de nimic, cum ar fi eliberarea de adeverin\u0163e\u00a0 \u00een mod abuziv sau licita\u0163iile nepublicate la Curtea de Apel Pite\u015fti pentru \u00eenchiriere spa\u0163iu xerox. Pentru o pagin\u0103 xerox, infractorul Gheorghe Diaconu\u00a0 a dispus tax\u0103 un leu &#8211; c\u00e2t o p\u00e2ine; blat cu managerul. C\u00e2nd am mers la victimele care trebuiau s\u0103 fie judecate de aceste creaturi le \u00eentrebam: &#8222;Ce ave\u0163i de sunte\u0163i at\u00e2t de speria\u0163i?&#8221;. Ne-au spus: &#8222;Intr\u0103 Gheorghe Diaconu, comunistul. O s\u0103 fim condamna\u0163i la maxim de pedeaps\u0103. &#8222;.\u00a0 I-am \u00eentrebat de unde sunt \u015fi astfel am aflat c\u0103 \u015fi \u00een V\u00e2lcea se \u015ftie de faptele lor criminale. Diaconu \u015fi Co., obseda\u0163i de genocid etc. nu au \u0163inut cont c\u0103 victimele sunt nevinovate. Am mers cu ei la dosare s\u0103 verific\u0103m dac\u0103 \u00eentr-adev\u0103r sunt probe pentru condamnare. Am constatat c\u0103 probele din dosar lipseau, dar condamn\u0103ri eliberau pe band\u0103 rulant\u0103 &#8211; ani grei de pu\u015fc\u0103rie pe care robele \u015fi-i\u00a0 vor lua de asemenea. Am mai constatat c\u0103 mii\u00a0 de dosare erau cu stenograme false, adic\u0103 au fost interceptate victime f\u0103r\u0103 sentin\u0163e judec\u0103tore\u015fti, \u00een prima faz\u0103 a form\u0103rii dosarului, \u015fi motivau al\u0163i paranoici de procurori c\u0103 s-au autosesizat, le spunem noi , din falsurile efectuate la negru (intercept\u0103ri) timp de maxim 2 ani de zile. Am mai constatat \u00een dosarele judecate de ace\u015ftia c\u0103 dac\u0103 era vorba de vreo crim\u0103 etc. laboratoarele criminalistice ale mili\u0163ienilor \u015fi cu procurorii chipurile criminali\u015fti f\u0103ceau ADN-ul victimelor disp\u0103rute sau cadavrelor printr-un fir de p\u0103r, o buc\u0103\u0163ic\u0103 de unghie etc. Legal, a stabili ADN-ul unei persoane cercetate trebuie luat\u0103 direct proba de la cadavru\/victim\u0103 \u015fi nu trebuie folosit\u0103 aceast\u0103 tehnic\u0103 ordinar\u0103, mizerabil\u0103 pentru a le ie\u015fi lor dosarele cum vor. Din acest motiv au b\u0103gat \u00een pu\u015fc\u0103rie mii de victime, din anii 1990-2015, pentru fapte criminale, iar adev\u0103ra\u0163ii criminali sunt \u00een libertate. Ei fiind pro\u015fti ca organe de cercetare penal\u0103, at\u00e2t mili\u0163ienii c\u00e2t \u015fi procurorii \u015fi cei de la laboratoarele criminalistice sau IML-uri care aranjau cu ace\u015ftia \u015fi \u00eenc\u0103 aranjeaz\u0103 pentru\u00a0<i>elucidarea\u00a0\u00a0<\/i>cazurilor \u00een favoarea lor, dar provoc\u00e2nd victime colaterale \u00een mas\u0103\u00a0 \u015fi distrug\u00e2nd familii pentru ADN-urile luate la \u00eent\u00e2mplare de pe unde au g\u0103sit \u015fi nu legal, cum ar trebui s\u0103 procedeze. Din aceast\u0103 cauz\u0103 distrug victime \u015fi nu infractori. Schimb\u0103 amprentele, le pun victimelor\u00a0 dac\u0103 nu g\u0103sesc infractorii reali.\u00a0 Astfel c\u0103 \u00een arestul IPJ Arge\u015f \u015fi ANP Coliba\u015fi au murit sute de victime din &#8217;90 p\u00e2n\u0103 \u00een 2015, din m\u00e2na acestor criminali \u015fi a altora ca ei. Nu mai punem c\u0103 invoc\u0103 tot felul de articole de lege care \u00eei reprezint\u0103 pe al\u0163i infractori \u015fi nu pe victimele pe care le-au judecat. \u00centr-un cuv\u00e2nt, sunt criminali \u00een serie c\u0103rora le este drag\u0103 aceast\u0103 tehnic\u0103 de a judeca\u00a0 poporul.<\/p>\n<figure id=\"attachment_2396\" aria-describedby=\"caption-attachment-2396\" style=\"width: 400px\" class=\"wp-caption alignright\"><img loading=\"lazy\" decoding=\"async\" class=\"size-full wp-image-2396\" src=\"http:\/\/www.editiespecialapress.ro\/wp\/wp-content\/uploads\/2015\/02\/Asasinele-\u00een-robe-Anda-Mihaela-Pluteanu-\u015fi-Rusu-Elena-Minodora.jpg\" alt=\"Asasinele \u00een robe Anda Mihaela Pluteanu \u015fi Rusu Elena Minodora\" width=\"400\" height=\"229\" \/><figcaption id=\"caption-attachment-2396\" class=\"wp-caption-text\">Asasinele \u00een robe Anda Mihaela Pluteanu \u015fi Rusu Elena Minodora<\/figcaption><\/figure>\n<figure id=\"attachment_2397\" aria-describedby=\"caption-attachment-2397\" style=\"width: 400px\" class=\"wp-caption alignright\"><img loading=\"lazy\" decoding=\"async\" class=\"size-medium wp-image-2397\" src=\"http:\/\/www.editiespecialapress.ro\/wp\/wp-content\/uploads\/2015\/02\/Asasinele-\u00een-robe-Rusu-Elena-Minodora-\u015fi-Sorescu-Cornelia-Teodora-400x266.png\" alt=\"Asasinele \u00een robe Rusu Elena Minodora \u015fi Sorescu Cornelia Teodora\" width=\"400\" height=\"266\" \/><figcaption id=\"caption-attachment-2397\" class=\"wp-caption-text\">Asasinele \u00een robe Rusu Elena Minodora \u015fi Sorescu Cornelia Teodora<\/figcaption><\/figure>\n<figure id=\"attachment_2398\" aria-describedby=\"caption-attachment-2398\" style=\"width: 400px\" class=\"wp-caption alignright\"><img loading=\"lazy\" decoding=\"async\" class=\"size-full wp-image-2398\" src=\"http:\/\/www.editiespecialapress.ro\/wp\/wp-content\/uploads\/2015\/02\/Asasinii-\u00een-robe-Diaconu-Gheorghe-S\u0103ndulescu-Marius-Gabriel-\u015fi-Rusu-Minodora.png\" alt=\"Asasinii \u00een robe Diaconu Gheorghe, S\u0103ndulescu Marius Gabriel \u015fi Rusu Minodora\" width=\"400\" height=\"266\" \/><figcaption id=\"caption-attachment-2398\" class=\"wp-caption-text\">Asasinii \u00een robe Diaconu Gheorghe, S\u0103ndulescu Marius Gabriel \u015fi Rusu Minodora<\/figcaption><\/figure>\n<p><img loading=\"lazy\" decoding=\"async\" class=\"alignright size-medium wp-image-2399\" src=\"http:\/\/www.editiespecialapress.ro\/wp\/wp-content\/uploads\/2015\/02\/Sediul-infractorilor-asasini-\u00een-robe-400x300.jpg\" alt=\"Sediul infractorilor asasini \u00een robe\" width=\"400\" height=\"300\" \/><\/p>\n<\/div>\n<div>Dac\u0103 nu au victime, se r\u0103zbun\u0103 chiar \u015fi pe cei care au intrare la ei. Sunt seto\u015fi de s\u00e2ngele nevinovat al victimelor. Gheorghe Diaconu este pre\u015fedintele Cur\u0163ii de Apel Pite\u015fti la ora actual\u0103, a mai primit o prelungire de un an p\u00e2n\u0103 la pensionare. V\u0103 da\u0163i seama ce face criminalul anul acesta, fiind la cap de linie. Condamn\u0103 mai criminal! Dac\u0103 le dai b\u0103nu\u0163ul prin avoca\u0163ii de cas\u0103 tuturor , nu \u00ee\u0163i po\u0163i \u00eenchipui c\u00e2t de u\u015for scapi cu probe beton de pu\u015fc\u0103rie. Avoca\u0163i de blat s\u0103 ai, cum sunt domnul Pristavu, Dan Pan\u0163oiu, Grigoroiu, din Pite\u015fti.\u00a0 Ceilal\u0163i criminali \u00een robe sunt de acela\u015fi calibru. Vi i-am prezentat doar pe cei de la Curtea de Apel Pite\u015fti. Robe criminale, ordinale, f\u0103r\u0103 scrupule etc. A\u015fa au \u00een\u0163eles comuni\u015ftii poseda\u0163i democra\u0163ia care le va m\u00e2nca libertatea p\u00e2n\u0103 la ultima suflare.<\/div>\n<div>\u00a0\u00a0\u00a0 Pe de alt\u0103 parte este cazul domnului Constantin Nicolescu, ex-pre\u015fedintele Consiliului Jude\u0163ean Arge\u015f, care a dat sute de mii de euro judec\u0103torului Dumitru Diaconu \u015fi celorlal\u0163i din complet pentru a fi pus sub control judiciar, \u00eencurc\u00e2nd organele de cercetare penal\u0103 ale D.N.A. Pite\u015fti.<br \/>\nConstantin Nicolescu era director, pe timpul comuni\u015ftilor, la I.A.T.S.A. Service \u015etef\u0103ne\u015fti Arge\u015f \u015fi Dumitru Diaconu, judec\u0103torul de la Curtea de Apel Pite\u015fti, contabil \u015fef la I.A.T.S.A. \u015etef\u0103ne\u015fti.\u00a0 Cum s\u0103 nu \u00eel pun\u0103 \u00een libertate\u00a0<i>doamna<\/i>Diaconu Dumitru pe superiorul lui director, nea Costic\u0103.<\/div>\n<div><\/div>\n<div>\u00a0 1. Solicit\u0103m cercetarea acestora pentru infrac\u0163iuni: genocid, infrac\u0163iuni contra umanit\u0103\u0163ii, abuzuri calificate, grupuri organizate at\u00e2t la crime, precum \u015fi la dare-luare de mit\u0103 de la clien\u0163ii domnilor avoca\u0163i profesioni\u015fti \u00een \u015fp\u0103gi.<\/div>\n<div><\/div>\n<div>\n<p>2. Solicit\u0103m verificarea tuturor dosarelor judecate de ace\u015ftia de la prima zi \u00een justi\u0163ie.<\/p>\n<figure id=\"attachment_2400\" aria-describedby=\"caption-attachment-2400\" style=\"width: 800px\" class=\"wp-caption alignright\"><img loading=\"lazy\" decoding=\"async\" class=\"size-large wp-image-2400\" src=\"http:\/\/www.editiespecialapress.ro\/wp\/wp-content\/uploads\/2015\/02\/Asasinul-comunist-nr.1-al-justi\u0163iei-arge\u015fene-Gheorghe-Diaconu-de-asemenea-pre\u015fedintele-Cur\u0163ii-de-Apel-Pite\u015fti.-800x417.jpg\" alt=\"Asasinul comunist nr.1 al justi\u0163iei arge\u015fene, Gheorghe Diaconu, de asemenea pre\u015fedintele Cur\u0163ii de Apel Pite\u015fti.\" width=\"800\" height=\"417\" \/><figcaption id=\"caption-attachment-2400\" class=\"wp-caption-text\">Asasinul comunist nr.1 al justi\u0163iei arge\u015fene, Gheorghe Diaconu, de asemenea pre\u015fedintele Cur\u0163ii de Apel Pite\u015fti.<\/figcaption><\/figure>\n<\/div>\n<div>3. Solicit\u0103m verificarea certificatelor de deces de la ANP Coliba\u015fi dintre anii 1990-2015 pentru a se stabili c\u00e2te victime au omor\u00e2t ace\u015ftia \u015fi al\u0163ii ca ei.<\/div>\n<div>4. Solicit\u0103m verificarea fi\u015felor medicale de la spitalul Coliba\u015fi pentru a se stabili c\u00e2te victime arestate au murit din &#8217;90 p\u00e2n\u0103 \u00een prezent, c\u00e2te sunt paralizate \u015fi \u00eemboln\u0103vite din cauza condamn\u0103rilor abuzive a celor men\u0163iona\u0163i \u00een articol.<\/div>\n<div>5. Solicit\u0103m verificarea intercept\u0103rilor telefonice, traseelor pentru\u00a0 a se stabili \u015fp\u0103gile de sute de mii de euro pe care le primesc lunar \u015fi c\u00e2\u0163i clien\u0163i are fiecare rob\u0103 \u00een fiecare lun\u0103.<\/div>\n<div>6. Solicit\u0103m autosesizarea din partea prim-procurorului DNA Arge\u015f \u015fi a prim-procurorului de la sec\u0163ia criminalistic\u0103 Bucure\u015fti din cadrul Parchetului General.<\/div>\n<div style=\"text-align: right;\"><strong>\u00a0Articol de <\/strong><br \/>\n<strong>Lauren\u0163iu Po\u015firc\u0103<\/strong><\/div>\n","protected":false},"excerpt":{"rendered":"<p>Continu\u0103m \u00een aceast\u0103 edi\u0163ie cu cei mai mari criminali ai justi\u0163iei arge\u015fene din toate timpurile, \u00eentruc\u00e2t ace\u015ftia, chiar \u00een\u00a0democra\u0163ie, au reu\u015fit s\u0103 omoare sute de victime condamnate prin sentin\u0163e \u015fi decizii f\u0103r\u0103 a exista probe sau cu intercept\u0103ri la negru efectuate de diferite servicii ale M.A.I. \u015fi S.R.I. Arge\u015f, plus expertize criminalistice, f\u0103c\u0103turi f\u0103r\u0103 ADN-uri [&hellip;]<\/p>\n","protected":false},"author":2,"featured_media":2392,"comment_status":"closed","ping_status":"open","sticky":false,"template":"","format":"standard","meta":{"footnotes":""},"categories":[2],"tags":[26,27,28,29,30],"class_list":{"0":"post-2391","1":"post","2":"type-post","3":"status-publish","4":"format-standard","5":"has-post-thumbnail","7":"category-ancheta","8":"tag-anda-mihaela-pluteanu","9":"tag-elena-minodora-rusu","10":"tag-gheorghe-diaconu","11":"tag-marius-andreescu","12":"tag-popescu-mirela-sorina"},"_links":{"self":[{"href":"https:\/\/www.editiespecialapress.ro\/newtest\/wp-json\/wp\/v2\/posts\/2391","targetHints":{"allow":["GET"]}}],"collection":[{"href":"https:\/\/www.editiespecialapress.ro\/newtest\/wp-json\/wp\/v2\/posts"}],"about":[{"href":"https:\/\/www.editiespecialapress.ro\/newtest\/wp-json\/wp\/v2\/types\/post"}],"author":[{"embeddable":true,"href":"https:\/\/www.editiespecialapress.ro\/newtest\/wp-json\/wp\/v2\/users\/2"}],"replies":[{"embeddable":true,"href":"https:\/\/www.editiespecialapress.ro\/newtest\/wp-json\/wp\/v2\/comments?post=2391"}],"version-history":[{"count":0,"href":"https:\/\/www.editiespecialapress.ro\/newtest\/wp-json\/wp\/v2\/posts\/2391\/revisions"}],"wp:featuredmedia":[{"embeddable":true,"href":"https:\/\/www.editiespecialapress.ro\/newtest\/wp-json\/"}],"wp:attachment":[{"href":"https:\/\/www.editiespecialapress.ro\/newtest\/wp-json\/wp\/v2\/media?parent=2391"}],"wp:term":[{"taxonomy":"category","embeddable":true,"href":"https:\/\/www.editiespecialapress.ro\/newtest\/wp-json\/wp\/v2\/categories?post=2391"},{"taxonomy":"post_tag","embeddable":true,"href":"https:\/\/www.editiespecialapress.ro\/newtest\/wp-json\/wp\/v2\/tags?post=2391"}],"curies":[{"name":"wp","href":"https:\/\/api.w.org\/{rel}","templated":true}]}}