{"id":2434,"date":"2015-02-22T19:01:58","date_gmt":"2015-02-22T19:01:58","guid":{"rendered":"http:\/\/www.editiespecialapress.ro\/?p=2434"},"modified":"2015-02-22T19:01:58","modified_gmt":"2015-02-22T19:01:58","slug":"urare-1-martie-primaria-stefanesti","status":"publish","type":"post","link":"https:\/\/www.editiespecialapress.ro\/newtest\/2015\/02\/22\/urare-1-martie-primaria-stefanesti\/","title":{"rendered":"Urare 1 Martie &#8211; Primaria Stefanesti"},"content":{"rendered":"<p>Prim\u0103vara aceasta s\u0103 fie ca z\u00e2mbetul, bun\u0103tatea \u015fi optimismul dumneavoastr\u0103! O prim\u0103var\u0103 fericit\u0103! La mul\u0163i ani de 1 Martie!<\/p>\n<p style=\"text-align: right;\"><strong>Prim\u0103ria \u015etef\u0103ne\u015fti, <\/strong><br \/>\n<strong>primar Dorin B\u0103rbuceanu (AG)<\/strong><\/p>\n","protected":false},"excerpt":{"rendered":"<p>Prim\u0103vara aceasta s\u0103 fie ca z\u00e2mbetul, bun\u0103tatea \u015fi optimismul dumneavoastr\u0103! O prim\u0103var\u0103 fericit\u0103! La mul\u0163i ani de 1 Martie! Prim\u0103ria \u015etef\u0103ne\u015fti, primar Dorin B\u0103rbuceanu (AG)<\/p>\n","protected":false},"author":2,"featured_media":2435,"comment_status":"closed","ping_status":"open","sticky":false,"template":"","format":"standard","meta":{"footnotes":""},"categories":[4],"tags":[],"class_list":{"0":"post-2434","1":"post","2":"type-post","3":"status-publish","4":"format-standard","5":"has-post-thumbnail","7":"category-felicitari"},"_links":{"self":[{"href":"https:\/\/www.editiespecialapress.ro\/newtest\/wp-json\/wp\/v2\/posts\/2434","targetHints":{"allow":["GET"]}}],"collection":[{"href":"https:\/\/www.editiespecialapress.ro\/newtest\/wp-json\/wp\/v2\/posts"}],"about":[{"href":"https:\/\/www.editiespecialapress.ro\/newtest\/wp-json\/wp\/v2\/types\/post"}],"author":[{"embeddable":true,"href":"https:\/\/www.editiespecialapress.ro\/newtest\/wp-json\/wp\/v2\/users\/2"}],"replies":[{"embeddable":true,"href":"https:\/\/www.editiespecialapress.ro\/newtest\/wp-json\/wp\/v2\/comments?post=2434"}],"version-history":[{"count":0,"href":"https:\/\/www.editiespecialapress.ro\/newtest\/wp-json\/wp\/v2\/posts\/2434\/revisions"}],"wp:featuredmedia":[{"embeddable":true,"href":"https:\/\/www.editiespecialapress.ro\/newtest\/wp-json\/"}],"wp:attachment":[{"href":"https:\/\/www.editiespecialapress.ro\/newtest\/wp-json\/wp\/v2\/media?parent=2434"}],"wp:term":[{"taxonomy":"category","embeddable":true,"href":"https:\/\/www.editiespecialapress.ro\/newtest\/wp-json\/wp\/v2\/categories?post=2434"},{"taxonomy":"post_tag","embeddable":true,"href":"https:\/\/www.editiespecialapress.ro\/newtest\/wp-json\/wp\/v2\/tags?post=2434"}],"curies":[{"name":"wp","href":"https:\/\/api.w.org\/{rel}","templated":true}]}}