{"id":2437,"date":"2015-02-22T19:03:09","date_gmt":"2015-02-22T19:03:09","guid":{"rendered":"http:\/\/www.editiespecialapress.ro\/?p=2437"},"modified":"2015-02-22T19:03:09","modified_gmt":"2015-02-22T19:03:09","slug":"urare-1-martie-primaria-bogati","status":"publish","type":"post","link":"https:\/\/www.editiespecialapress.ro\/newtest\/2015\/02\/22\/urare-1-martie-primaria-bogati\/","title":{"rendered":"Urare 1 Martie &#8211; Primaria Boga\u0163i"},"content":{"rendered":"<p>Prim\u0103vara este anotimpul rena\u015fterii, al \u00eenvierii la via\u0163\u0103. V\u0103 dorim s\u0103 ave\u0163i o prim\u0103var\u0103 minunat\u0103, plin\u0103 de dragoste \u015fi realiz\u0103ri! La mul\u0163i ani de 1 Martie!<\/p>\n<p style=\"text-align: right;\"><strong>Prim\u0103ria Boga\u0163i, <\/strong><br \/>\n<strong>primar G\u00e2rleanu Ion. (AG)<\/strong><\/p>\n","protected":false},"excerpt":{"rendered":"<p>Prim\u0103vara este anotimpul rena\u015fterii, al \u00eenvierii la via\u0163\u0103. V\u0103 dorim s\u0103 ave\u0163i o prim\u0103var\u0103 minunat\u0103, plin\u0103 de dragoste \u015fi realiz\u0103ri! La mul\u0163i ani de 1 Martie! Prim\u0103ria Boga\u0163i, primar G\u00e2rleanu Ion. (AG)<\/p>\n","protected":false},"author":2,"featured_media":2438,"comment_status":"closed","ping_status":"open","sticky":false,"template":"","format":"standard","meta":{"footnotes":""},"categories":[4],"tags":[],"class_list":{"0":"post-2437","1":"post","2":"type-post","3":"status-publish","4":"format-standard","5":"has-post-thumbnail","7":"category-felicitari"},"_links":{"self":[{"href":"https:\/\/www.editiespecialapress.ro\/newtest\/wp-json\/wp\/v2\/posts\/2437","targetHints":{"allow":["GET"]}}],"collection":[{"href":"https:\/\/www.editiespecialapress.ro\/newtest\/wp-json\/wp\/v2\/posts"}],"about":[{"href":"https:\/\/www.editiespecialapress.ro\/newtest\/wp-json\/wp\/v2\/types\/post"}],"author":[{"embeddable":true,"href":"https:\/\/www.editiespecialapress.ro\/newtest\/wp-json\/wp\/v2\/users\/2"}],"replies":[{"embeddable":true,"href":"https:\/\/www.editiespecialapress.ro\/newtest\/wp-json\/wp\/v2\/comments?post=2437"}],"version-history":[{"count":0,"href":"https:\/\/www.editiespecialapress.ro\/newtest\/wp-json\/wp\/v2\/posts\/2437\/revisions"}],"wp:featuredmedia":[{"embeddable":true,"href":"https:\/\/www.editiespecialapress.ro\/newtest\/wp-json\/"}],"wp:attachment":[{"href":"https:\/\/www.editiespecialapress.ro\/newtest\/wp-json\/wp\/v2\/media?parent=2437"}],"wp:term":[{"taxonomy":"category","embeddable":true,"href":"https:\/\/www.editiespecialapress.ro\/newtest\/wp-json\/wp\/v2\/categories?post=2437"},{"taxonomy":"post_tag","embeddable":true,"href":"https:\/\/www.editiespecialapress.ro\/newtest\/wp-json\/wp\/v2\/tags?post=2437"}],"curies":[{"name":"wp","href":"https:\/\/api.w.org\/{rel}","templated":true}]}}