{"id":2440,"date":"2015-02-22T19:04:40","date_gmt":"2015-02-22T19:04:40","guid":{"rendered":"http:\/\/www.editiespecialapress.ro\/?p=2440"},"modified":"2015-02-22T19:04:40","modified_gmt":"2015-02-22T19:04:40","slug":"urare-1-martie-primaria-negrasi","status":"publish","type":"post","link":"https:\/\/www.editiespecialapress.ro\/newtest\/2015\/02\/22\/urare-1-martie-primaria-negrasi\/","title":{"rendered":"Urare 1 Martie &#8211; Primaria Negra\u015fi"},"content":{"rendered":"<p>Un buchet de g\u00e2nduri bune, un amalgam de sentimente frumoase \u015fi o gr\u0103mad\u0103 de \u00eembr\u0103\u0163i\u015f\u0103ri\u2026 special pentru dumneavoastr\u0103! La mul\u0163i ani de 1 Martie!<\/p>\n<p style=\"text-align: right;\"><strong>Prim\u0103ria Negra\u015fi, <\/strong><br \/>\n<strong>primar Nicolae Radu \u00a0(AG)<\/strong><\/p>\n","protected":false},"excerpt":{"rendered":"<p>Un buchet de g\u00e2nduri bune, un amalgam de sentimente frumoase \u015fi o gr\u0103mad\u0103 de \u00eembr\u0103\u0163i\u015f\u0103ri\u2026 special pentru dumneavoastr\u0103! La mul\u0163i ani de 1 Martie! Prim\u0103ria Negra\u015fi, primar Nicolae Radu \u00a0(AG)<\/p>\n","protected":false},"author":2,"featured_media":2441,"comment_status":"closed","ping_status":"open","sticky":false,"template":"","format":"standard","meta":{"footnotes":""},"categories":[4],"tags":[],"class_list":{"0":"post-2440","1":"post","2":"type-post","3":"status-publish","4":"format-standard","5":"has-post-thumbnail","7":"category-felicitari"},"_links":{"self":[{"href":"https:\/\/www.editiespecialapress.ro\/newtest\/wp-json\/wp\/v2\/posts\/2440","targetHints":{"allow":["GET"]}}],"collection":[{"href":"https:\/\/www.editiespecialapress.ro\/newtest\/wp-json\/wp\/v2\/posts"}],"about":[{"href":"https:\/\/www.editiespecialapress.ro\/newtest\/wp-json\/wp\/v2\/types\/post"}],"author":[{"embeddable":true,"href":"https:\/\/www.editiespecialapress.ro\/newtest\/wp-json\/wp\/v2\/users\/2"}],"replies":[{"embeddable":true,"href":"https:\/\/www.editiespecialapress.ro\/newtest\/wp-json\/wp\/v2\/comments?post=2440"}],"version-history":[{"count":0,"href":"https:\/\/www.editiespecialapress.ro\/newtest\/wp-json\/wp\/v2\/posts\/2440\/revisions"}],"wp:featuredmedia":[{"embeddable":true,"href":"https:\/\/www.editiespecialapress.ro\/newtest\/wp-json\/"}],"wp:attachment":[{"href":"https:\/\/www.editiespecialapress.ro\/newtest\/wp-json\/wp\/v2\/media?parent=2440"}],"wp:term":[{"taxonomy":"category","embeddable":true,"href":"https:\/\/www.editiespecialapress.ro\/newtest\/wp-json\/wp\/v2\/categories?post=2440"},{"taxonomy":"post_tag","embeddable":true,"href":"https:\/\/www.editiespecialapress.ro\/newtest\/wp-json\/wp\/v2\/tags?post=2440"}],"curies":[{"name":"wp","href":"https:\/\/api.w.org\/{rel}","templated":true}]}}