{"id":2443,"date":"2015-02-22T19:06:26","date_gmt":"2015-02-22T19:06:26","guid":{"rendered":"http:\/\/www.editiespecialapress.ro\/?p=2443"},"modified":"2015-02-22T19:06:26","modified_gmt":"2015-02-22T19:06:26","slug":"urare-1-martie-primaria-poiana-lacului","status":"publish","type":"post","link":"https:\/\/www.editiespecialapress.ro\/newtest\/2015\/02\/22\/urare-1-martie-primaria-poiana-lacului\/","title":{"rendered":"Urare 1 Martie &#8211; Primaria Poiana Lacului"},"content":{"rendered":"<p>Prim\u0103vara s\u0103 v\u0103 aduc\u0103 un m\u0103r\u0163i\u015for de s\u0103natate, un ghiocel de noroc, o adiere cald\u0103 de fericire, un nor de iubire \u015fi un soare str\u0103lucitor asemeni sufletelor dumneavoastr\u0103. La mul\u0163i ani de 1 Martie!<\/p>\n<p style=\"text-align: right;\"><strong>Prim\u0103ria Poiana Lacului, <\/strong><br \/>\n<strong>primar Dumitrache Ion (AG)<\/strong><\/p>\n","protected":false},"excerpt":{"rendered":"<p>Prim\u0103vara s\u0103 v\u0103 aduc\u0103 un m\u0103r\u0163i\u015for de s\u0103natate, un ghiocel de noroc, o adiere cald\u0103 de fericire, un nor de iubire \u015fi un soare str\u0103lucitor asemeni sufletelor dumneavoastr\u0103. La mul\u0163i ani de 1 Martie! Prim\u0103ria Poiana Lacului, primar Dumitrache Ion (AG)<\/p>\n","protected":false},"author":2,"featured_media":2444,"comment_status":"closed","ping_status":"open","sticky":false,"template":"","format":"standard","meta":{"footnotes":""},"categories":[4],"tags":[],"class_list":{"0":"post-2443","1":"post","2":"type-post","3":"status-publish","4":"format-standard","5":"has-post-thumbnail","7":"category-felicitari"},"_links":{"self":[{"href":"https:\/\/www.editiespecialapress.ro\/newtest\/wp-json\/wp\/v2\/posts\/2443","targetHints":{"allow":["GET"]}}],"collection":[{"href":"https:\/\/www.editiespecialapress.ro\/newtest\/wp-json\/wp\/v2\/posts"}],"about":[{"href":"https:\/\/www.editiespecialapress.ro\/newtest\/wp-json\/wp\/v2\/types\/post"}],"author":[{"embeddable":true,"href":"https:\/\/www.editiespecialapress.ro\/newtest\/wp-json\/wp\/v2\/users\/2"}],"replies":[{"embeddable":true,"href":"https:\/\/www.editiespecialapress.ro\/newtest\/wp-json\/wp\/v2\/comments?post=2443"}],"version-history":[{"count":0,"href":"https:\/\/www.editiespecialapress.ro\/newtest\/wp-json\/wp\/v2\/posts\/2443\/revisions"}],"wp:featuredmedia":[{"embeddable":true,"href":"https:\/\/www.editiespecialapress.ro\/newtest\/wp-json\/"}],"wp:attachment":[{"href":"https:\/\/www.editiespecialapress.ro\/newtest\/wp-json\/wp\/v2\/media?parent=2443"}],"wp:term":[{"taxonomy":"category","embeddable":true,"href":"https:\/\/www.editiespecialapress.ro\/newtest\/wp-json\/wp\/v2\/categories?post=2443"},{"taxonomy":"post_tag","embeddable":true,"href":"https:\/\/www.editiespecialapress.ro\/newtest\/wp-json\/wp\/v2\/tags?post=2443"}],"curies":[{"name":"wp","href":"https:\/\/api.w.org\/{rel}","templated":true}]}}